{"id":83,"date":"2007-05-16T10:16:42","date_gmt":"2007-05-16T09:16:42","guid":{"rendered":"http:\/\/www.cdlpv.org\/dtl\/?p=83"},"modified":"2007-05-16T10:16:42","modified_gmt":"2007-05-16T09:16:42","slug":"alcaldes-per-a-una-valencia-encara-en-valencia","status":"publish","type":"post","link":"https:\/\/www.cdlpv.org\/dtl\/2007\/05\/16\/alcaldes-per-a-una-valencia-encara-en-valencia\/","title":{"rendered":"Alcaldesses per a una Val\u00e8ncia encara en valenci\u00e0?"},"content":{"rendered":"<p><img decoding=\"async\" style=\"float:right; margin:0 0 10px 10px;cursor:pointer; cursor:hand;\" border=\"0\" id=\"image82\" height=96 alt=\"Les candidates de Val\u00e8ncia\" src=\"http:\/\/www.cdlpv.org\/dtl\/wp-content\/maxmix.JPG\" \/><br \/>\nDespr\u00e9s de rebre diversos impactes propagand\u00edstics relacionats amb la campanya electoral, vaig vore que el webs de les notres principals candidates a l&#8217;alcaldia de Val\u00e8ncia llu\u00efen una planificaci\u00f3 ling\u00fc\u00edstica pr\u00f2pia de temps del franquisme:<\/p>\n<ul>\n<li>\n<p>En el cas de Rita Barber\u00e1, entorn del bloc i una \u00abcarta de benvinguda\u00bb en catal\u00e0, per\u00f2 la resta de continguts \u00fanicament en espanyol.<\/p>\n<\/li>\n<li>\n<p>En el cas de Carmen Alborch ni entorn ni m\u00ednima carta de benvinguda per als catalanoparlants de Val\u00e8ncia, tot \u00fanicament en espanyol, amb algun esguitonet de valenci\u00e0 en algun r\u00e8tol i en un agra\u00efment. Deu ser l\u00f2gic que arribes a pensar que el cartell \u00abAlcaldessa de Val\u00e8ncia\u00bb t\u00e9 dos faltes d&#8217;ortografia en espanyol!<\/p>\n<\/li>\n<\/ul>\n<p>\u00c9s clar, com que em trobe pel costat del progr\u00e9s per al conjunt de la ciutadania &mdash;i no del cant\u00f3 dels privilegis, els guanys i l&#8217;ab\u00fas dels b\u00e9ns p\u00fablics en benefici de les oligarquies que promet mantindre Rita Barber\u00e1&mdash; em vaig adre\u00e7ar a Carmen Alborch en diversos missatges. En reprodu\u00efxc un:<\/p>\n<blockquote><p>\nHola, valencians per una ciutat diferent:<\/p>\n<p>Vos comunique que a pesar del que sembla que penseu i a pesar del que fan els actuals governants del PP, treballe a les Corts i vixc al centre de Val\u00e8ncia, i no faig altra cosa en tot el dia que parlar en valenci\u00e0 amb els meus conciutadans. I com podeu vore, tamb\u00e9 hi escric.<\/p>\n<p>No sembla gens que vosaltres pretengau millorar la situaci\u00f3 ling\u00fc\u00edstica i cultural dels ciutadans de Val\u00e8ncia, com \u00e9s l&#8217;avantatge del maneig de dos lleng\u00fces i la identificaci\u00f3 amb la pr\u00f2pia: nom\u00e9s he rebut propostes vostres en espanyol.<\/p>\n<p>Espere que tingau possibilitats de millorar en eixe aspecte.<\/p>\n<p>Fins a l&#8217;altra.<\/p>\n<p>Miquel Boronat Cogollos<br \/>\nTrascriptor Corrector<br \/>\nServei de Publicacions<br \/>\nCorts Valencianes<\/p>\n<\/blockquote>\n<p>La resposta de Carmen Alborch:<\/p>\n<blockquote><p>\nTens tota la ra\u00f3, per\u00f2 aquesta feina la fan voluntaris i voluntaries que pel que tu dius no dominen la nostra llengua i tampoc fan l&#8217;esfor\u00e7 de preguntar. Et demane disculpes i els que si la dominem intentarem ajudar m\u00e9s.\n<\/p><\/blockquote>\n<p>Potser vol pensar que ha respost b\u00e9 amb una disculpa i mostrant voluntat d&#8217;esfor\u00e7ar-se, per\u00f2 deixa una sensaci\u00f3 d&#8217;ineptitud, miopia i voluntarisme poc atent a la cultura de tots els valencians. D&#8217;una banda, qu\u00e8 passa amb l&#8217;ensenyament, que produ\u00efx \u00abvoluntaris\u00bb que no saben valenci\u00e0? Eixe \u00e9s el resultat d&#8217;unes lleis insuficients i de la falta del requisit ling\u00fc\u00edstic valenci\u00e0 en l&#8217;administraci\u00f3 p\u00fablica. Els valencians catalanoparlants han quedat fora de la m\u00ednima planificaci\u00f3 que es suposa que els socialistes declaren sovint tindre tan clara en la teoria i en la pr\u00e0ctica. Una vegada m\u00e9s, ho declaren, per\u00f2 no ho practiquen.<\/p>\n<hr \/>\n<p>PS: No explique res del Bloc, perqu\u00e8 s&#8217;han apegat en la llista de Carmen Alborch, i tampoc dels altres partits, perqu\u00e8 este comentari no va per quotes (contra la imposici\u00f3 que fan els partits en la informaci\u00f3 electoral que d\u00f3na TV3). D&#8217;EUPV he trobat el bloc de Gl\u00f2ria Marcos (res d&#8217;Amadeu Sanchis), que escriu en valenci\u00e0, per\u00f2 que no sap que el disseny del Blogger es pot configurar en catal\u00e0. I d&#8217;ERPV he trobat el seu web local &mdash;perfectament en catal\u00e0&mdash;, per\u00f2 no he vist p\u00e0gina del seu candidat (Josep Heras) i poca elaboraci\u00f3 electoral per a l&#8217;alcaldia de Val\u00e8ncia.<\/p>\n","protected":false},"excerpt":{"rendered":"<p>Despr\u00e9s de rebre diversos impactes propagand\u00edstics relacionats amb la campanya electoral, vaig vore que el webs de les notres principals candidates a l&#8217;alcaldia de Val\u00e8ncia llu\u00efen una planificaci\u00f3 ling\u00fc\u00edstica pr\u00f2pia de temps del franquisme: En el cas de Rita Barber\u00e1, entorn del bloc i una \u00abcarta de benvinguda\u00bb en catal\u00e0, per\u00f2 la resta de continguts [&hellip;]<\/p>\n","protected":false},"author":2,"featured_media":0,"comment_status":"open","ping_status":"open","sticky":false,"template":"","format":"standard","meta":{"footnotes":""},"categories":[2,1,47,19,24],"tags":[],"class_list":["post-83","post","type-post","status-publish","format-standard","hentry","category-comunicacio","category-general","category-planificacio","category-politica","category-requisit-linguistic"],"_links":{"self":[{"href":"https:\/\/www.cdlpv.org\/dtl\/wp-json\/wp\/v2\/posts\/83","targetHints":{"allow":["GET"]}}],"collection":[{"href":"https:\/\/www.cdlpv.org\/dtl\/wp-json\/wp\/v2\/posts"}],"about":[{"href":"https:\/\/www.cdlpv.org\/dtl\/wp-json\/wp\/v2\/types\/post"}],"author":[{"embeddable":true,"href":"https:\/\/www.cdlpv.org\/dtl\/wp-json\/wp\/v2\/users\/2"}],"replies":[{"embeddable":true,"href":"https:\/\/www.cdlpv.org\/dtl\/wp-json\/wp\/v2\/comments?post=83"}],"version-history":[{"count":0,"href":"https:\/\/www.cdlpv.org\/dtl\/wp-json\/wp\/v2\/posts\/83\/revisions"}],"wp:attachment":[{"href":"https:\/\/www.cdlpv.org\/dtl\/wp-json\/wp\/v2\/media?parent=83"}],"wp:term":[{"taxonomy":"category","embeddable":true,"href":"https:\/\/www.cdlpv.org\/dtl\/wp-json\/wp\/v2\/categories?post=83"},{"taxonomy":"post_tag","embeddable":true,"href":"https:\/\/www.cdlpv.org\/dtl\/wp-json\/wp\/v2\/tags?post=83"}],"curies":[{"name":"wp","href":"https:\/\/api.w.org\/{rel}","templated":true}]}}