{"id":829,"date":"2009-02-11T15:13:15","date_gmt":"2009-02-11T14:13:15","guid":{"rendered":"http:\/\/www.cdlpv.org\/dtl\/?p=829"},"modified":"2009-02-11T15:13:15","modified_gmt":"2009-02-11T14:13:15","slug":"beques-de-recerca-linguistica-sobre-el-valencia-de-lavl","status":"publish","type":"post","link":"https:\/\/www.cdlpv.org\/dtl\/2009\/02\/11\/beques-de-recerca-linguistica-sobre-el-valencia-de-lavl\/","title":{"rendered":"Beques de l&#8217;AVL de recerca ling\u00fc\u00edstica sobre el valenci\u00e0"},"content":{"rendered":"<p>El <span class=\"versaleta\"><em>docv<\/em><\/span> (5.941, 27.01.2009) du la resoluci\u00f3 seg\u00fcent de l&#8217;<span class=\"versaleta\">avl<\/span>:<\/p>\n<blockquote><p>\nResoluci\u00f3 de 12 de gener de 2009, de la Presid\u00e8ncia de l\u2019Acad\u00e8mia Valenciana de la Llengua, per la qual es publica l\u2019acord del Ple de l\u2019Acad\u00e8mia Valenciana de la Llengua de 19 de desembre de 2008, pel qual es convoquen beques per a la realitzaci\u00f3 de treballs d\u2019investigaci\u00f3 ling\u00fc\u00edstica sobre el valenci\u00e0. <\/p>\n<div align=\"right\"><a href=\"https:\/\/www.docv.gva.es\/portal\/portal\/2009\/01\/27\/pdf\/2009_373.pdf\" target=\"_blank\"><span class=\"versaleta\">[pdf]<\/span><\/a><\/div>\n<\/blockquote>\n","protected":false},"excerpt":{"rendered":"<p>El docv (5.941, 27.01.2009) du la resoluci\u00f3 seg\u00fcent de l&#8217;avl: Resoluci\u00f3 de 12 de gener de 2009, de la Presid\u00e8ncia de l\u2019Acad\u00e8mia Valenciana de la Llengua, per la qual es publica l\u2019acord del Ple de l\u2019Acad\u00e8mia Valenciana de la Llengua de 19 de desembre de 2008, pel qual es convoquen beques per a la realitzaci\u00f3 [&hellip;]<\/p>\n","protected":false},"author":2,"featured_media":0,"comment_status":"open","ping_status":"open","sticky":false,"template":"","format":"standard","meta":{"footnotes":""},"categories":[38,40,10,1,15],"tags":[278,404],"class_list":["post-829","post","type-post","status-publish","format-standard","hentry","category-avl","category-beques-formacio","category-formacio","category-general","category-laboral","tag-linguistica","tag-recerca"],"_links":{"self":[{"href":"https:\/\/www.cdlpv.org\/dtl\/wp-json\/wp\/v2\/posts\/829","targetHints":{"allow":["GET"]}}],"collection":[{"href":"https:\/\/www.cdlpv.org\/dtl\/wp-json\/wp\/v2\/posts"}],"about":[{"href":"https:\/\/www.cdlpv.org\/dtl\/wp-json\/wp\/v2\/types\/post"}],"author":[{"embeddable":true,"href":"https:\/\/www.cdlpv.org\/dtl\/wp-json\/wp\/v2\/users\/2"}],"replies":[{"embeddable":true,"href":"https:\/\/www.cdlpv.org\/dtl\/wp-json\/wp\/v2\/comments?post=829"}],"version-history":[{"count":0,"href":"https:\/\/www.cdlpv.org\/dtl\/wp-json\/wp\/v2\/posts\/829\/revisions"}],"wp:attachment":[{"href":"https:\/\/www.cdlpv.org\/dtl\/wp-json\/wp\/v2\/media?parent=829"}],"wp:term":[{"taxonomy":"category","embeddable":true,"href":"https:\/\/www.cdlpv.org\/dtl\/wp-json\/wp\/v2\/categories?post=829"},{"taxonomy":"post_tag","embeddable":true,"href":"https:\/\/www.cdlpv.org\/dtl\/wp-json\/wp\/v2\/tags?post=829"}],"curies":[{"name":"wp","href":"https:\/\/api.w.org\/{rel}","templated":true}]}}