{"id":823,"date":"2009-02-06T10:07:37","date_gmt":"2009-02-06T09:07:37","guid":{"rendered":"http:\/\/www.cdlpv.org\/dtl\/?p=823"},"modified":"2009-02-06T10:07:37","modified_gmt":"2009-02-06T09:07:37","slug":"xxii-jornada-dantroponimia-i-toponimia-a-pollenca","status":"publish","type":"post","link":"https:\/\/www.cdlpv.org\/dtl\/2009\/02\/06\/xxii-jornada-dantroponimia-i-toponimia-a-pollenca\/","title":{"rendered":"XXII Jornada d&#8217;Antropon\u00edmia i Topon\u00edmia a Pollen\u00e7a"},"content":{"rendered":"<p>Magdalena Ramon ens envia a trav\u00e9s de la llista InfoZ\u00e8fir la informaci\u00f3 seg\u00fcent:<\/p>\n<blockquote><p>\nBenvolguts\/udes companys\/es, <\/p>\n<p>Us informam que el mes de mar\u00e7 de 2009 tindr\u00e0 lloc la XXII Jornada d\u2019Antropon\u00edmia i Topon\u00edmia. Enguany, la trobada es dur\u00e0 a terme a Pollen\u00e7a el dia 28 de mar\u00e7. Aix\u00ed mateix, us fem avinent que el termini de presentaci\u00f3 de pon\u00e8ncies i comunicacions ser\u00e0 obert fins al dia 27 de febrer. Si estau interessats a presentar-ne cap, podeu adre\u00e7ar-vos al Gabinet d\u2019Onom\u00e0stica. Ho podeu fer per correu electr\u00f2nic a l\u2019adre\u00e7a seg\u00fcent: <a href=\"mailto:sl.ono@uib.cat\" target=\"_blank\">sl.ono@uib.cat<\/a>.<\/p>\n<p>O per correu ordinari, a:<br \/>\n<strong>Gabinet d&#8217;Onom\u00e0stica<\/strong><br \/>\nEdifici Ramon Llull Campus universitari<br \/>\nCarretera de Valldemossa, km 7,5<br \/>\n07122 Palma<\/p>\n<p>Si us voleu posar en contacte amb nosaltres, per a qualsevol consulta podeu telefonar al tel.: 971 17 27 17, de 8 a 11.30 h.<\/p>\n<p>Per agilitar l\u2019organitzaci\u00f3 d\u2019aquest acte agrairem a tothom qui vulgui presentar-hi comunicacions o pon\u00e8ncies que s\u2019atingui al termini indicat m\u00e9s amunt i que, si est\u00e0 interessat, indiqui el t\u00edtol de la comunicaci\u00f3.<br \/>\nEn una propera circular us informarem del programa definitiu. <\/p>\n<p>Tot esperant poder-vos veure a la Jornada, rebeu una salutaci\u00f3 cordial.<\/p>\n<p>Atentament,<br \/>\n<a href=\"http:\/\/www.slgonomastica.uib.cat\" target=\"_blank\">Gabinet d\u2019Onom\u00e0stica<\/a>\n<\/p><\/blockquote>\n","protected":false},"excerpt":{"rendered":"<p>Magdalena Ramon ens envia a trav\u00e9s de la llista InfoZ\u00e8fir la informaci\u00f3 seg\u00fcent: Benvolguts\/udes companys\/es, Us informam que el mes de mar\u00e7 de 2009 tindr\u00e0 lloc la XXII Jornada d\u2019Antropon\u00edmia i Topon\u00edmia. Enguany, la trobada es dur\u00e0 a terme a Pollen\u00e7a el dia 28 de mar\u00e7. Aix\u00ed mateix, us fem avinent que el termini de [&hellip;]<\/p>\n","protected":false},"author":2,"featured_media":0,"comment_status":"open","ping_status":"open","sticky":false,"template":"","format":"standard","meta":{"footnotes":""},"categories":[2,10,1,32],"tags":[240,258],"class_list":["post-823","post","type-post","status-publish","format-standard","hentry","category-comunicacio","category-formacio","category-general","category-toponimia","tag-illes-balears","tag-jornades"],"_links":{"self":[{"href":"https:\/\/www.cdlpv.org\/dtl\/wp-json\/wp\/v2\/posts\/823","targetHints":{"allow":["GET"]}}],"collection":[{"href":"https:\/\/www.cdlpv.org\/dtl\/wp-json\/wp\/v2\/posts"}],"about":[{"href":"https:\/\/www.cdlpv.org\/dtl\/wp-json\/wp\/v2\/types\/post"}],"author":[{"embeddable":true,"href":"https:\/\/www.cdlpv.org\/dtl\/wp-json\/wp\/v2\/users\/2"}],"replies":[{"embeddable":true,"href":"https:\/\/www.cdlpv.org\/dtl\/wp-json\/wp\/v2\/comments?post=823"}],"version-history":[{"count":0,"href":"https:\/\/www.cdlpv.org\/dtl\/wp-json\/wp\/v2\/posts\/823\/revisions"}],"wp:attachment":[{"href":"https:\/\/www.cdlpv.org\/dtl\/wp-json\/wp\/v2\/media?parent=823"}],"wp:term":[{"taxonomy":"category","embeddable":true,"href":"https:\/\/www.cdlpv.org\/dtl\/wp-json\/wp\/v2\/categories?post=823"},{"taxonomy":"post_tag","embeddable":true,"href":"https:\/\/www.cdlpv.org\/dtl\/wp-json\/wp\/v2\/tags?post=823"}],"curies":[{"name":"wp","href":"https:\/\/api.w.org\/{rel}","templated":true}]}}