{"id":814,"date":"2009-02-04T13:55:58","date_gmt":"2009-02-04T12:55:58","guid":{"rendered":"http:\/\/www.cdlpv.org\/dtl\/?p=814"},"modified":"2009-02-04T13:55:58","modified_gmt":"2009-02-04T12:55:58","slug":"la-vitalitat-de-les-llengues","status":"publish","type":"post","link":"https:\/\/www.cdlpv.org\/dtl\/2009\/02\/04\/la-vitalitat-de-les-llengues\/","title":{"rendered":"La vitalitat de les lleng\u00fces"},"content":{"rendered":"<p>Aprofitant la tasca dels companys del bloc <em><a href=\"http:\/\/addendaetcorrigenda.blogia.com\/2009\/011601-dades-i-bibliografia-de-la-unesco-sobre-extincio-i-salvaguarda-de-llengues.php\" target=\"_blank\">Addenda et Corrigenda<\/a>,<\/em> provem a deixar una pinzellada sobre recursos, dades i iniciatives que atenen el problema de la denominada \u00abvitalitat\u00bb de les lleng\u00fces. M\u00e9s enll\u00e0 de la normativa i de les propostes estil\u00edstiques, hi ha la indefugible valoraci\u00f3 de l&#8217;\u00fas real de la llengua en tots els \u00e0mbits de la societat. La <a href=\"http:\/\/www.unesco.org\/culture\/ich\/index.php?pg=00143\" target=\"_blank\"><span class=\"versaleta\">unesco<\/span><\/a> ha elaborat alguns materials ben interessants i que poden ser ben \u00fatils.<\/p>\n<p>La nostra petita aportaci\u00f3 ser\u00e0 la traducci\u00f3 al catal\u00e0 del quadre dels criteris que cal tindre en compte per a valorar la vitalitat de les lleng\u00fces (que aparegu\u00e9 en la revista <em><a href=\"http:\/\/www.unesco.org\/culture\/ich\/index.php?pg=00047\" target=\"_blank\">Le Messager du Patrimoine Immat\u00e9riel<\/a>,<\/em> 4, setembre del 2006):<\/p>\n<p><a href=\"http:\/\/www.cdlpv.org\/dtl\/wp-content\/uploads\/2009\/02\/vida-unesco-cat1.png\" target=\"_blank\"><img loading=\"lazy\" decoding=\"async\" class=\"size-medium wp-image-815 aligncenter\" title=\"La vitalitat de les lleng\u00fces\" alt=\"La vitalitat de les lleng\u00fces, segons la UNESCO\" src=\"http:\/\/www.cdlpv.org\/dtl\/wp-content\/uploads\/2009\/02\/vida-unesco-cat1-300x263.png\" width=\"300\" height=\"263\" srcset=\"https:\/\/www.cdlpv.org\/dtl\/wp-content\/uploads\/2009\/02\/vida-unesco-cat1-300x263.png 300w, https:\/\/www.cdlpv.org\/dtl\/wp-content\/uploads\/2009\/02\/vida-unesco-cat1-150x132.png 150w, https:\/\/www.cdlpv.org\/dtl\/wp-content\/uploads\/2009\/02\/vida-unesco-cat1-400x351.png 400w, https:\/\/www.cdlpv.org\/dtl\/wp-content\/uploads\/2009\/02\/vida-unesco-cat1.png 666w\" sizes=\"auto, (max-width: 300px) 100vw, 300px\" \/><\/a><\/p>\n","protected":false},"excerpt":{"rendered":"<p>Aprofitant la tasca dels companys del bloc Addenda et Corrigenda, provem a deixar una pinzellada sobre recursos, dades i iniciatives que atenen el problema de la denominada \u00abvitalitat\u00bb de les lleng\u00fces. M\u00e9s enll\u00e0 de la normativa i de les propostes estil\u00edstiques, hi ha la indefugible valoraci\u00f3 de l&#8217;\u00fas real de la llengua en tots els [&hellip;]<\/p>\n","protected":false},"author":2,"featured_media":0,"comment_status":"open","ping_status":"open","sticky":false,"template":"","format":"standard","meta":{"footnotes":""},"categories":[3,1,22,27],"tags":[287,490],"class_list":["post-814","post","type-post","status-publish","format-standard","hentry","category-documentacio","category-general","category-recerca","category-sociolinguistica","tag-llengues","tag-unesco"],"_links":{"self":[{"href":"https:\/\/www.cdlpv.org\/dtl\/wp-json\/wp\/v2\/posts\/814","targetHints":{"allow":["GET"]}}],"collection":[{"href":"https:\/\/www.cdlpv.org\/dtl\/wp-json\/wp\/v2\/posts"}],"about":[{"href":"https:\/\/www.cdlpv.org\/dtl\/wp-json\/wp\/v2\/types\/post"}],"author":[{"embeddable":true,"href":"https:\/\/www.cdlpv.org\/dtl\/wp-json\/wp\/v2\/users\/2"}],"replies":[{"embeddable":true,"href":"https:\/\/www.cdlpv.org\/dtl\/wp-json\/wp\/v2\/comments?post=814"}],"version-history":[{"count":0,"href":"https:\/\/www.cdlpv.org\/dtl\/wp-json\/wp\/v2\/posts\/814\/revisions"}],"wp:attachment":[{"href":"https:\/\/www.cdlpv.org\/dtl\/wp-json\/wp\/v2\/media?parent=814"}],"wp:term":[{"taxonomy":"category","embeddable":true,"href":"https:\/\/www.cdlpv.org\/dtl\/wp-json\/wp\/v2\/categories?post=814"},{"taxonomy":"post_tag","embeddable":true,"href":"https:\/\/www.cdlpv.org\/dtl\/wp-json\/wp\/v2\/tags?post=814"}],"curies":[{"name":"wp","href":"https:\/\/api.w.org\/{rel}","templated":true}]}}