{"id":812,"date":"2009-02-04T09:52:20","date_gmt":"2009-02-04T08:52:20","guid":{"rendered":"http:\/\/www.cdlpv.org\/dtl\/?p=812"},"modified":"2009-02-04T09:52:20","modified_gmt":"2009-02-04T08:52:20","slug":"promocio-del-valencia-en-ladministracio-estatal-del-pais-valencia","status":"publish","type":"post","link":"https:\/\/www.cdlpv.org\/dtl\/2009\/02\/04\/promocio-del-valencia-en-ladministracio-estatal-del-pais-valencia\/","title":{"rendered":"Promoci\u00f3 del valenci\u00e0 en l&#8217;administraci\u00f3 estatal del Pa\u00eds Valenci\u00e0"},"content":{"rendered":"<p>El <span class=\"versaleta\">cidaj<\/span> ens envia la informaci\u00f3 seg\u00fcent:<\/p>\n<blockquote>\n<ul>\n<li>Resoluci\u00f3 de 27 de gener de 2009, del director general de Relacions amb les Corts i Secretariat del Consell, de la Conselleria de Presid\u00e8ncia, per la qual es disposa la publicaci\u00f3 del conveni de col\u00b7laboraci\u00f3 entre la Generalitat i l&#8217;Institut Nacional d&#8217;Administraci\u00f3 P\u00fablica per a la promoci\u00f3 del coneixement del valenci\u00e0 entre els funcionaris de l&#8217;administraci\u00f3 general de l&#8217;Estat a la Comunitat Valenciana durant l&#8217;any 2008. [2009\/836] (<span class=\"versaleta\"><em>docv<\/em><\/span> n\u00fam. 5.946, de 03.02.2009)<br \/>\n<a href=\"http:\/\/www.pre.gva.es\/L\/BASIS\/BDLGVPU\/WEB\/LEV_LISTADOS_TEXTO\/DDW?W=SIGNATURA_N=1146+AND+SIGNATURA_A=2009&#038;R=N\" target=\"_blank\">&#8211; vegeu text<\/a>\n<\/li>\n<\/ul>\n<\/blockquote>\n","protected":false},"excerpt":{"rendered":"<p>El cidaj ens envia la informaci\u00f3 seg\u00fcent: Resoluci\u00f3 de 27 de gener de 2009, del director general de Relacions amb les Corts i Secretariat del Consell, de la Conselleria de Presid\u00e8ncia, per la qual es disposa la publicaci\u00f3 del conveni de col\u00b7laboraci\u00f3 entre la Generalitat i l&#8217;Institut Nacional d&#8217;Administraci\u00f3 P\u00fablica per a la promoci\u00f3 del [&hellip;]<\/p>\n","protected":false},"author":2,"featured_media":0,"comment_status":"open","ping_status":"open","sticky":false,"template":"","format":"standard","meta":{"footnotes":""},"categories":[10,1,47,24],"tags":[120],"class_list":["post-812","post","type-post","status-publish","format-standard","hentry","category-formacio","category-general","category-planificacio","category-requisit-linguistic","tag-convenis"],"_links":{"self":[{"href":"https:\/\/www.cdlpv.org\/dtl\/wp-json\/wp\/v2\/posts\/812","targetHints":{"allow":["GET"]}}],"collection":[{"href":"https:\/\/www.cdlpv.org\/dtl\/wp-json\/wp\/v2\/posts"}],"about":[{"href":"https:\/\/www.cdlpv.org\/dtl\/wp-json\/wp\/v2\/types\/post"}],"author":[{"embeddable":true,"href":"https:\/\/www.cdlpv.org\/dtl\/wp-json\/wp\/v2\/users\/2"}],"replies":[{"embeddable":true,"href":"https:\/\/www.cdlpv.org\/dtl\/wp-json\/wp\/v2\/comments?post=812"}],"version-history":[{"count":0,"href":"https:\/\/www.cdlpv.org\/dtl\/wp-json\/wp\/v2\/posts\/812\/revisions"}],"wp:attachment":[{"href":"https:\/\/www.cdlpv.org\/dtl\/wp-json\/wp\/v2\/media?parent=812"}],"wp:term":[{"taxonomy":"category","embeddable":true,"href":"https:\/\/www.cdlpv.org\/dtl\/wp-json\/wp\/v2\/categories?post=812"},{"taxonomy":"post_tag","embeddable":true,"href":"https:\/\/www.cdlpv.org\/dtl\/wp-json\/wp\/v2\/tags?post=812"}],"curies":[{"name":"wp","href":"https:\/\/api.w.org\/{rel}","templated":true}]}}