{"id":81,"date":"2007-05-15T12:59:30","date_gmt":"2007-05-15T11:59:30","guid":{"rendered":"http:\/\/www.cdlpv.org\/dtl\/?p=81"},"modified":"2007-05-15T12:59:30","modified_gmt":"2007-05-15T11:59:30","slug":"presa-de-possessio-dels-tmpl-3504-i-3604","status":"publish","type":"post","link":"https:\/\/www.cdlpv.org\/dtl\/2007\/05\/15\/presa-de-possessio-dels-tmpl-3504-i-3604\/","title":{"rendered":"Presa de possessi\u00f3 dels TMPL (35\/04 i 36\/04)"},"content":{"rendered":"<p>En una <a href=\"http:\/\/www.cdlpv.org\/dtl\/?p=75\" target=\"_blank\">entrada anterior<\/a> vam enlla\u00e7ar la informaci\u00f3 sobre la pr\u00f2rroga del termini per al nomenament dels nous t\u00e8cnics mitjans de promoci\u00f3 ling\u00fc\u00edstica (TMPL) de l&#8217;administraci\u00f3 del Consell de la Generalitat valenciana. Com que no hi ha informaci\u00f3 m\u00e9s concreta sobre eixe procediment i, en canvi, hi ha rumors diversos i opinions de tots els colors, podem ampliar la informaci\u00f3 donant compte del fet que hi ha quatre recursos presentats davant el Tribunal Superior de Just\u00edcia valenci\u00e0 contra l&#8217;acord final del tribunal de les oposicions en la fase d&#8217;oposici\u00f3:<\/p>\n<blockquote><p>\nRESOLUCI\u00d3 de 26 de mar\u00e7 de 2007, de la Direcci\u00f3 General d&#8217;Administraci\u00f3 Auton\u00f2mica de la Conselleria de Just\u00edcia, Interior i Administracions P\u00fabliques, per la qual se citen les persones interessades en el procediment administratiu de refer\u00e8ncia a compar\u00e9ixer en la via jurisdiccional. [DOCV n\u00fam. 5.481, de 30.03.2007] <a href=\"https:\/\/www.docv.gva.es\/portal\/portal\/2007\/03\/30\/pdf\/doc\/2007_4109.pdf\" target=\"_blank\">[PDF]<\/a><\/p>\n<p>RESOLUCI\u00d3 de 10 d&#8217;abril de 2007, de la Direcci\u00f3 General d&#8217;Administraci\u00f3 Auton\u00f2mica, de la Conselleria de Just\u00edcia, Interior i Administracions P\u00fabliques, per la que se cita els interessats, en el procediment administratiu de refer\u00e8ncia, a compar\u00e9ixer en la via jurisdiccional. [DOCV n\u00fam. 5.492, de 18.04.2007] <a href=\"https:\/\/www.docv.gva.es\/portal\/portal\/2007\/04\/18\/pdf\/doc\/2007_4779.pdf\" target=\"_blank\">[PDF]<\/a><\/p>\n<p>RESOLUCI\u00d3 de 10 d&#8217;abril de 2007, de la Direcci\u00f3 General d&#8217;Administraci\u00f3 Auton\u00f2mica, de la Conselleria de Just\u00edcia, Interior i Administracions P\u00fabliques, per la qual se cita els interessats en el procediment administratiu de refer\u00e8ncia a compar\u00e9ixer en la via jurisdiccional. [DOCV n\u00fam. 5.492, de 18.04.2007] <a href=\"https:\/\/www.docv.gva.es\/portal\/portal\/2007\/04\/18\/pdf\/doc\/2007_4777.pdf\" target=\"_blank\">[PDF]<\/a><\/p>\n<p>RESOLUCI\u00d3 de 12 d&#8217;abril de 2007, de la Direcci\u00f3 General d&#8217;Administraci\u00f3 Auton\u00f2mica de la Conselleria de Just\u00edcia, Interior i Administracions P\u00fabliques, per la qual se citen les persones interessades en el procediment administratiu de refer\u00e8ncia a compar\u00e9ixer en la via jurisdiccional. [DOCV n\u00fam. 5.496, de 23.04.2007] <a href=\"https:\/\/www.docv.gva.es\/portal\/portal\/2007\/04\/23\/pdf\/doc\/2007_4936.pdf\" target=\"_blank\">[PDF]<\/a>\n<\/p><\/blockquote>\n<p>No sabem si aix\u00f2 explica la situaci\u00f3 d&#8217;espera actual o s\u00f3n altres les causes del retard. En tot cas, \u00e9s una informaci\u00f3 que tots els interessats haurien de con\u00e9ixer.<\/p>\n","protected":false},"excerpt":{"rendered":"<p>En una entrada anterior vam enlla\u00e7ar la informaci\u00f3 sobre la pr\u00f2rroga del termini per al nomenament dels nous t\u00e8cnics mitjans de promoci\u00f3 ling\u00fc\u00edstica (TMPL) de l&#8217;administraci\u00f3 del Consell de la Generalitat valenciana. Com que no hi ha informaci\u00f3 m\u00e9s concreta sobre eixe procediment i, en canvi, hi ha rumors diversos i opinions de tots els [&hellip;]<\/p>\n","protected":false},"author":2,"featured_media":0,"comment_status":"open","ping_status":"open","sticky":false,"template":"","format":"standard","meta":{"footnotes":""},"categories":[1,15,18],"tags":[],"class_list":["post-81","post","type-post","status-publish","format-standard","hentry","category-general","category-laboral","category-oposicions"],"_links":{"self":[{"href":"https:\/\/www.cdlpv.org\/dtl\/wp-json\/wp\/v2\/posts\/81","targetHints":{"allow":["GET"]}}],"collection":[{"href":"https:\/\/www.cdlpv.org\/dtl\/wp-json\/wp\/v2\/posts"}],"about":[{"href":"https:\/\/www.cdlpv.org\/dtl\/wp-json\/wp\/v2\/types\/post"}],"author":[{"embeddable":true,"href":"https:\/\/www.cdlpv.org\/dtl\/wp-json\/wp\/v2\/users\/2"}],"replies":[{"embeddable":true,"href":"https:\/\/www.cdlpv.org\/dtl\/wp-json\/wp\/v2\/comments?post=81"}],"version-history":[{"count":0,"href":"https:\/\/www.cdlpv.org\/dtl\/wp-json\/wp\/v2\/posts\/81\/revisions"}],"wp:attachment":[{"href":"https:\/\/www.cdlpv.org\/dtl\/wp-json\/wp\/v2\/media?parent=81"}],"wp:term":[{"taxonomy":"category","embeddable":true,"href":"https:\/\/www.cdlpv.org\/dtl\/wp-json\/wp\/v2\/categories?post=81"},{"taxonomy":"post_tag","embeddable":true,"href":"https:\/\/www.cdlpv.org\/dtl\/wp-json\/wp\/v2\/tags?post=81"}],"curies":[{"name":"wp","href":"https:\/\/api.w.org\/{rel}","templated":true}]}}