{"id":803,"date":"2009-02-03T12:07:42","date_gmt":"2009-02-03T11:07:42","guid":{"rendered":"http:\/\/www.cdlpv.org\/dtl\/?p=803"},"modified":"2009-02-03T12:07:42","modified_gmt":"2009-02-03T11:07:42","slug":"presentacio-de-salam-al-catala-a-canet-de-mar","status":"publish","type":"post","link":"https:\/\/www.cdlpv.org\/dtl\/2009\/02\/03\/presentacio-de-salam-al-catala-a-canet-de-mar\/","title":{"rendered":"Presentaci\u00f3 de Salam al catal\u00e0 a Canet de Mar"},"content":{"rendered":"<p>Toni Bellatriu ens informa a trav\u00e9s de la llista Migjorn de l&#8217;acte seg\u00fcent:<\/p>\n<blockquote><p>El dissabte 7 de febrer a les 7 del vespre a la Casa-Museu Llu\u00eds Dom\u00e8nech i Montaner (xamfr\u00e0 Rieres Gavarra i Buscarons) de Canet de Mar la Plataforma per la Llengua presentar\u00e0 la publicaci\u00f3 <em>Salam al catal\u00e0.<\/em><\/p>\n<p><em>Salam al catal\u00e0<\/em> \u00e9s un llibret que est\u00e0 escrit en dues lleng\u00fces, en catal\u00e0 i \u00e0rab i que pret\u00e9n mostrar els vincles que hi ha hagut hist\u00f2ricament entre la comunitat catalana i la isl\u00e0mica i tamb\u00e9 apropar el catal\u00e0 a la comunitat isl\u00e0mica i araboparlant que des de diferents or\u00edgens ha arribat al nostre pa\u00eds en els darrers anys. Est\u00e0 previst que m\u00e9s endavant aquest llibret es publiqui en d\u2019altres lleng\u00fces que fa servir la comunitat musulmana catalana, com l\u2019amazic i l\u2019urd\u00fa.<\/p>\n<p>Podeu accedir a aquesta publicaci\u00f3 a trav\u00e9s del seg\u00fcent <a href=\"http:\/\/www.plataforma-llengua.cat\/doc\/salamalcatala.pdf\" target=\"_blank\"><span class=\"versaleta\">pdf<\/span><\/a>.<\/p>\n<p>L\u2019acte est\u00e0 organitzat per la secci\u00f3 local de Canet de Mar de la Plataforma per la Llengua i l\u2019Associaci\u00f3 Cultural Isl\u00e0mica de Canet de Mar.<\/p><\/blockquote>\n","protected":false},"excerpt":{"rendered":"<p>Toni Bellatriu ens informa a trav\u00e9s de la llista Migjorn de l&#8217;acte seg\u00fcent: El dissabte 7 de febrer a les 7 del vespre a la Casa-Museu Llu\u00eds Dom\u00e8nech i Montaner (xamfr\u00e0 Rieres Gavarra i Buscarons) de Canet de Mar la Plataforma per la Llengua presentar\u00e0 la publicaci\u00f3 Salam al catal\u00e0. Salam al catal\u00e0 \u00e9s un [&hellip;]<\/p>\n","protected":false},"author":2,"featured_media":0,"comment_status":"open","ping_status":"open","sticky":false,"template":"","format":"standard","meta":{"footnotes":""},"categories":[2,3,1,27],"tags":[61,392],"class_list":["post-803","post","type-post","status-publish","format-standard","hentry","category-comunicacio","category-documentacio","category-general","category-sociolinguistica","tag-arab","tag-publicacions"],"_links":{"self":[{"href":"https:\/\/www.cdlpv.org\/dtl\/wp-json\/wp\/v2\/posts\/803","targetHints":{"allow":["GET"]}}],"collection":[{"href":"https:\/\/www.cdlpv.org\/dtl\/wp-json\/wp\/v2\/posts"}],"about":[{"href":"https:\/\/www.cdlpv.org\/dtl\/wp-json\/wp\/v2\/types\/post"}],"author":[{"embeddable":true,"href":"https:\/\/www.cdlpv.org\/dtl\/wp-json\/wp\/v2\/users\/2"}],"replies":[{"embeddable":true,"href":"https:\/\/www.cdlpv.org\/dtl\/wp-json\/wp\/v2\/comments?post=803"}],"version-history":[{"count":0,"href":"https:\/\/www.cdlpv.org\/dtl\/wp-json\/wp\/v2\/posts\/803\/revisions"}],"wp:attachment":[{"href":"https:\/\/www.cdlpv.org\/dtl\/wp-json\/wp\/v2\/media?parent=803"}],"wp:term":[{"taxonomy":"category","embeddable":true,"href":"https:\/\/www.cdlpv.org\/dtl\/wp-json\/wp\/v2\/categories?post=803"},{"taxonomy":"post_tag","embeddable":true,"href":"https:\/\/www.cdlpv.org\/dtl\/wp-json\/wp\/v2\/tags?post=803"}],"curies":[{"name":"wp","href":"https:\/\/api.w.org\/{rel}","templated":true}]}}