{"id":802,"date":"2009-02-03T12:36:00","date_gmt":"2009-02-03T11:36:00","guid":{"rendered":"http:\/\/www.cdlpv.org\/dtl\/?p=802"},"modified":"2009-02-03T12:36:00","modified_gmt":"2009-02-03T11:36:00","slug":"parlamentaris-linguisticament-al%c2%b7lofobs","status":"publish","type":"post","link":"https:\/\/www.cdlpv.org\/dtl\/2009\/02\/03\/parlamentaris-linguisticament-al%c2%b7lofobs\/","title":{"rendered":"Parlamentaris ling\u00fc\u00edsticament al\u00b7l\u00f2fobs"},"content":{"rendered":"<p>Al parlament espanyol, contr\u00e0riament amb el que s&#8217;esdev\u00e9 en molts parlaments de la resta de l&#8217;estat (i en molts estats del m\u00f3n), hi ha pol\u00edtics al\u00b7l\u00f2fobs &mdash;que odien els altres, comen\u00e7ant per les lleng\u00fces, en este cas&mdash;, en el <span class=\"versaleta\">psoe<\/span> i en el <span class=\"versaleta\">pp<\/span>, essencialment, que estan d&#8217;acord a prohibir l&#8217;\u00fas del catal\u00e0, de l&#8217;\u00e8uscar, del gallec i de qualsevol llengua diferent de la castellana, i que no troben cap inconvenient en censurar i perseguir els diputats i diputades que pretenguen fer-ne \u00fas, amb la qual cosa demostren el valor que li donen a l&#8217;article 14 de la Constituci\u00f3 espanyola de 1978.<\/p>\n<p>Hi ha diputats persistents, per\u00f2, que treballen per fer respectar els drets ling\u00fc\u00edstics i per establir una gesti\u00f3 ling\u00fc\u00edstica m\u00e9s justa, com \u00e9s el cas del diputat d&#8217;<span class=\"versaleta\">erc<\/span> Joan Tard\u00e0 (<em>El Pa\u00eds, <a href=\"http:\/\/www.elpais.com\/articulo\/espana\/Tarda\/desafia\/Bono\/hara\/bilingues\/todas\/iniciativas\/elpepunac\/20090131elpepinac_11\/Tes\" target=\"_blank\">31.01.2009<\/a>):<\/em><\/p>\n<blockquote>\n<h2>Tard\u00e0 desafia Bono i far\u00e0 biling\u00fces totes les seues iniciatives<\/h2>\n<p>El diputat d&#8217;<span class=\"versaleta\">erc<\/span> Joan Tard\u00e0 est\u00e0 disposat a seguir avant amb el seu desafiament al president del Congr\u00e9s, Jos\u00e9 Bono, a prop\u00f2sit de l&#8217;\u00fas del catal\u00e0 en la cambra. Tard\u00e0 t\u00e9 decidit que tots els escrits que presente amb les seues preguntes al govern seran biling\u00fces, \u00e9s a dir, en castell\u00e0 i en catal\u00e0.<\/p>\n[&#8230;]\n<p>En el Congr\u00e9s no est\u00e0 adm\u00e9s l&#8217;\u00fas de les lleng\u00fces cooficials, a difer\u00e8ncia del que ocorre en el Senat, i menys per escrit. Com a molt s&#8217;autoritza que en les intervencions dels diputats puga incloure&#8217;s una citaci\u00f3 o introducci\u00f3 que servixca per a refor\u00e7ar la seua argumentaci\u00f3.<\/p>\n[&#8230;]\n<p>Bono no accepta anar m\u00e9s enll\u00e0, est\u00e0 disposat a plantar-se i ha convocat per als pr\u00f2xims dies al portaveu d&#8217;<span class=\"versaleta\">erc<\/span>, Joan Ridao, per a transmetre-li la seua posici\u00f3 i evitar el conflicte p\u00fablic i obert. De moment, la mesa rebutjar\u00e0 la petici\u00f3 de Tard\u00e0 de publicar les preguntes en catal\u00e0 en el butllet\u00ed. El president del Congr\u00e9s ha recaptat aquests dies el suport de la resta de portaveus per a donar aquesta batalla, comen\u00e7ant pel socialista Jos\u00e9 Antonio Alonso, que li d\u00f3na suport.\n<\/p><\/blockquote>\n<p>Seria m\u00e9s interessant que Jos\u00e9 Bono \u00abes plantara\u00bb &#038;mdash,segons la redacci\u00f3 period\u00edstica&mdash; a l&#8217;hora de promoure els mitjans que eliminen les barreres entre les persones &mdsh;que la t\u00e8cnica avan\u00e7a que \u00e9s una barbaritat&mdash;, en lloc de pretendre mantindre-les i gestionar ling\u00fc\u00edsticament el parlament amb la mateixa in\u00e8rcia de fa m\u00e9s de trenta anys. Curiosament, en 1970, quan encara eren vigents les lleis franquistes, escrivia Diego Sevilla Andr\u00e9s (\u00abPatria y regi\u00f3n en las Leyes Fundamentales\u00bb <a href=\"www.cepc.es\/rap\/Publicaciones\/Revistas\/2\/REP_175_021.pdf\" target=\"_blank\"><span class=\"versaleta\">[pdf]<\/span><\/a>), membre destacat d&#8217;aquell r\u00e8gim:<\/p>\n<blockquote><p>\nEl retard d&#8217;Espanya en l&#8217;escola p\u00fablica ha fet que diverses lleng\u00fces \u2014el catal\u00e0, el basc el gallec\u2014 hagen arribat vives fins als nostres dies. L&#8217;analfabetisme els ha ajudat a sobreviure. Ara, davant el fet de la r\u00e0dio, la televisi\u00f3, que imposen una llengua general, o els donem a eixes lleng\u00fces el que necessiten com a lleng\u00fces vives, o seguim en una agra lluita ling\u00fc\u00edstica.\n<\/p><\/blockquote>\n<p>Eixa agror tenim, doncs.<\/p>\n","protected":false},"excerpt":{"rendered":"<p>Al parlament espanyol, contr\u00e0riament amb el que s&#8217;esdev\u00e9 en molts parlaments de la resta de l&#8217;estat (i en molts estats del m\u00f3n), hi ha pol\u00edtics al\u00b7l\u00f2fobs &mdash;que odien els altres, comen\u00e7ant per les lleng\u00fces, en este cas&mdash;, en el psoe i en el pp, essencialment, que estan d&#8217;acord a prohibir l&#8217;\u00fas del catal\u00e0, de l&#8217;\u00e8uscar, [&hellip;]<\/p>\n","protected":false},"author":2,"featured_media":0,"comment_status":"open","ping_status":"open","sticky":false,"template":"","format":"standard","meta":{"footnotes":""},"categories":[36,2,1,47,19],"tags":[216,355],"class_list":["post-802","post","type-post","status-publish","format-standard","hentry","category-allofobia","category-comunicacio","category-general","category-planificacio","category-politica","tag-franquisme","tag-parlaments"],"_links":{"self":[{"href":"https:\/\/www.cdlpv.org\/dtl\/wp-json\/wp\/v2\/posts\/802","targetHints":{"allow":["GET"]}}],"collection":[{"href":"https:\/\/www.cdlpv.org\/dtl\/wp-json\/wp\/v2\/posts"}],"about":[{"href":"https:\/\/www.cdlpv.org\/dtl\/wp-json\/wp\/v2\/types\/post"}],"author":[{"embeddable":true,"href":"https:\/\/www.cdlpv.org\/dtl\/wp-json\/wp\/v2\/users\/2"}],"replies":[{"embeddable":true,"href":"https:\/\/www.cdlpv.org\/dtl\/wp-json\/wp\/v2\/comments?post=802"}],"version-history":[{"count":0,"href":"https:\/\/www.cdlpv.org\/dtl\/wp-json\/wp\/v2\/posts\/802\/revisions"}],"wp:attachment":[{"href":"https:\/\/www.cdlpv.org\/dtl\/wp-json\/wp\/v2\/media?parent=802"}],"wp:term":[{"taxonomy":"category","embeddable":true,"href":"https:\/\/www.cdlpv.org\/dtl\/wp-json\/wp\/v2\/categories?post=802"},{"taxonomy":"post_tag","embeddable":true,"href":"https:\/\/www.cdlpv.org\/dtl\/wp-json\/wp\/v2\/tags?post=802"}],"curies":[{"name":"wp","href":"https:\/\/api.w.org\/{rel}","templated":true}]}}