{"id":8,"date":"2006-10-04T09:20:53","date_gmt":"2006-10-04T07:20:53","guid":{"rendered":"http:\/\/www.cdlpv.org\/dtl\/?p=8"},"modified":"2006-10-04T09:20:53","modified_gmt":"2006-10-04T07:20:53","slug":"una-placa-a-benicassim","status":"publish","type":"post","link":"https:\/\/www.cdlpv.org\/dtl\/2006\/10\/04\/una-placa-a-benicassim\/","title":{"rendered":"Una pla\u00e7a a Benic\u00e0ssim"},"content":{"rendered":"<p>A Benic\u00e0ssim han publicat les bases &mdash;en el BOP 103 (29.08.2006)&mdash; d&#8217;una pla\u00e7a de t\u00e8cnic ling\u00fc\u00edstic de l&#8217;ajuntament. Ac\u00ed les teniu: <a href=\"http:\/\/www.dipcas.es\/archivos\/1038-966-archivo\/b060829.pdf\">[PDF]<\/a>. Em sembla molt positiu que en diguen \u00abt\u00e8cnic ling\u00fc\u00edstic\u00bb, tot i que s&#8217;han deixat les barres amb la moci\u00f3 de g\u00e8nere, detall que hauria d&#8217;haver contribu\u00eft a evitar el llenguatge sexista.<\/p>\n<p>D&#8217;altra banda, almenys en este cas no es tracta de promoure, dinamitzar o fer volantins diversos per a alegria del funcionariat en general i dels pol\u00edtics en particular. Finalment, el fet que consoliden el lloc dels professionals ling\u00fc\u00edstics en la plantilla dels ajuntaments \u00e9s el m\u00ednim que requerix actualment el compliment de les obligacions ling\u00fc\u00edstiques de les administracions p\u00fabliques.<\/p>\n","protected":false},"excerpt":{"rendered":"<p>A Benic\u00e0ssim han publicat les bases &mdash;en el BOP 103 (29.08.2006)&mdash; d&#8217;una pla\u00e7a de t\u00e8cnic ling\u00fc\u00edstic de l&#8217;ajuntament. Ac\u00ed les teniu: [PDF]. Em sembla molt positiu que en diguen \u00abt\u00e8cnic ling\u00fc\u00edstic\u00bb, tot i que s&#8217;han deixat les barres amb la moci\u00f3 de g\u00e8nere, detall que hauria d&#8217;haver contribu\u00eft a evitar el llenguatge sexista. D&#8217;altra banda, [&hellip;]<\/p>\n","protected":false},"author":2,"featured_media":0,"comment_status":"open","ping_status":"open","sticky":false,"template":"","format":"standard","meta":{"footnotes":""},"categories":[1,15,18,47],"tags":[],"class_list":["post-8","post","type-post","status-publish","format-standard","hentry","category-general","category-laboral","category-oposicions","category-planificacio"],"_links":{"self":[{"href":"https:\/\/www.cdlpv.org\/dtl\/wp-json\/wp\/v2\/posts\/8","targetHints":{"allow":["GET"]}}],"collection":[{"href":"https:\/\/www.cdlpv.org\/dtl\/wp-json\/wp\/v2\/posts"}],"about":[{"href":"https:\/\/www.cdlpv.org\/dtl\/wp-json\/wp\/v2\/types\/post"}],"author":[{"embeddable":true,"href":"https:\/\/www.cdlpv.org\/dtl\/wp-json\/wp\/v2\/users\/2"}],"replies":[{"embeddable":true,"href":"https:\/\/www.cdlpv.org\/dtl\/wp-json\/wp\/v2\/comments?post=8"}],"version-history":[{"count":0,"href":"https:\/\/www.cdlpv.org\/dtl\/wp-json\/wp\/v2\/posts\/8\/revisions"}],"wp:attachment":[{"href":"https:\/\/www.cdlpv.org\/dtl\/wp-json\/wp\/v2\/media?parent=8"}],"wp:term":[{"taxonomy":"category","embeddable":true,"href":"https:\/\/www.cdlpv.org\/dtl\/wp-json\/wp\/v2\/categories?post=8"},{"taxonomy":"post_tag","embeddable":true,"href":"https:\/\/www.cdlpv.org\/dtl\/wp-json\/wp\/v2\/tags?post=8"}],"curies":[{"name":"wp","href":"https:\/\/api.w.org\/{rel}","templated":true}]}}