{"id":796,"date":"2009-01-30T11:29:31","date_gmt":"2009-01-30T10:29:31","guid":{"rendered":"http:\/\/www.cdlpv.org\/dtl\/?p=796"},"modified":"2009-01-30T11:29:31","modified_gmt":"2009-01-30T10:29:31","slug":"una-setmana-a-la-bressola-en-video","status":"publish","type":"post","link":"https:\/\/www.cdlpv.org\/dtl\/2009\/01\/30\/una-setmana-a-la-bressola-en-video\/","title":{"rendered":"Una setmana a La Bressola en v\u00eddeo"},"content":{"rendered":"<caption id=\"attachment_775\" align=\"right\" width=\"310\" caption=\"Amica de La Bressola\"><a title=\"Amics de La Bressola\" href=\"http:\/\/www.amicsbressola.cat\/\" target=\"_blank\"><img loading=\"lazy\" decoding=\"async\" src=\"http:\/\/www.cdlpv.org\/dtl\/wp-content\/bressola.jpg\" alt=\"Amica de La Bressola\" title=\"Amics de la Bressola\" width=\"310\" height=\"60\" class=\"size-full wp-image-775\" \/><\/a><\/caption>\n<p>L&#8217;Associaci\u00f3 d&#8217;Amics de La Bressola ens envia la informaci\u00f3 seg\u00fcent:<\/p>\n<blockquote><p>\nUn grup d&#8217;alumnes de Magisteri Musical de la Universitat Aut\u00f2noma de Barcelona van passar una setmana a l&#8217;escola Bressola de Sant Galdric, a Perpiny\u00e0, amb alumnes del cicle 2. El resultat de la seva experi\u00e8ncia l&#8217;han recollit en un <a href=\"http:\/\/video.google.com\/videoplay?docid=-7553521876474064041\" target=\"_blank\">v\u00eddeo<\/a>. Es tracta d&#8217;un magn\u00edfic treball audiovisual en qu\u00e8 s&#8217;explica qu\u00e8 \u00e9s la Bressola i quins s\u00f3n els objectius, i tamb\u00e9 el dia a dia i la feina pedag\u00f2gica de les escoles.\n<\/p><\/blockquote>\n","protected":false},"excerpt":{"rendered":"<p>L&#8217;Associaci\u00f3 d&#8217;Amics de La Bressola ens envia la informaci\u00f3 seg\u00fcent: Un grup d&#8217;alumnes de Magisteri Musical de la Universitat Aut\u00f2noma de Barcelona van passar una setmana a l&#8217;escola Bressola de Sant Galdric, a Perpiny\u00e0, amb alumnes del cicle 2. El resultat de la seva experi\u00e8ncia l&#8217;han recollit en un v\u00eddeo. Es tracta d&#8217;un magn\u00edfic treball [&hellip;]<\/p>\n","protected":false},"author":2,"featured_media":0,"comment_status":"open","ping_status":"open","sticky":false,"template":"","format":"standard","meta":{"footnotes":""},"categories":[2,10,1],"tags":[80],"class_list":["post-796","post","type-post","status-publish","format-standard","hentry","category-comunicacio","category-formacio","category-general","tag-bressola"],"_links":{"self":[{"href":"https:\/\/www.cdlpv.org\/dtl\/wp-json\/wp\/v2\/posts\/796","targetHints":{"allow":["GET"]}}],"collection":[{"href":"https:\/\/www.cdlpv.org\/dtl\/wp-json\/wp\/v2\/posts"}],"about":[{"href":"https:\/\/www.cdlpv.org\/dtl\/wp-json\/wp\/v2\/types\/post"}],"author":[{"embeddable":true,"href":"https:\/\/www.cdlpv.org\/dtl\/wp-json\/wp\/v2\/users\/2"}],"replies":[{"embeddable":true,"href":"https:\/\/www.cdlpv.org\/dtl\/wp-json\/wp\/v2\/comments?post=796"}],"version-history":[{"count":0,"href":"https:\/\/www.cdlpv.org\/dtl\/wp-json\/wp\/v2\/posts\/796\/revisions"}],"wp:attachment":[{"href":"https:\/\/www.cdlpv.org\/dtl\/wp-json\/wp\/v2\/media?parent=796"}],"wp:term":[{"taxonomy":"category","embeddable":true,"href":"https:\/\/www.cdlpv.org\/dtl\/wp-json\/wp\/v2\/categories?post=796"},{"taxonomy":"post_tag","embeddable":true,"href":"https:\/\/www.cdlpv.org\/dtl\/wp-json\/wp\/v2\/tags?post=796"}],"curies":[{"name":"wp","href":"https:\/\/api.w.org\/{rel}","templated":true}]}}