{"id":793,"date":"2009-01-30T09:21:20","date_gmt":"2009-01-30T08:21:20","guid":{"rendered":"http:\/\/www.cdlpv.org\/dtl\/?p=793"},"modified":"2009-01-30T09:21:20","modified_gmt":"2009-01-30T08:21:20","slug":"accio-valenciana-1930-1931-de-santi-valles","status":"publish","type":"post","link":"https:\/\/www.cdlpv.org\/dtl\/2009\/01\/30\/accio-valenciana-1930-1931-de-santi-valles\/","title":{"rendered":"Acci\u00f3 Valenciana (1930-1931) de Santi Vall\u00e9s"},"content":{"rendered":"<p>L&#8217;<span class=\"versaleta\">avl<\/span> vos convida a la presentaci\u00f3 del llibre <em>Acci\u00f3 Valenciana (1930-1931). La consci\u00e8ncia desvetlada<\/em> de Santi Vall\u00e9s. L&#8217;acte tindr\u00e0 lloc dimecres 4 de febrer del 2009 a les 19:00 en la sala d&#8217;actes del Museu de la Ciutat, pla\u00e7a de l&#8217;Arquebisbe, n\u00famero 3, de Val\u00e8ncia.<\/p>\n<blockquote>\n<h2>Acci\u00f3 Valenciana (1930-1931)<br \/>\nLa consci\u00e8ncia desvetlada<\/h2>\n<p>El 8 de mar\u00e7 de 1930, un grup d\u2019universitaris valencians, entre els quals es trobaven Emili G\u00f3mez Nadal, Sanchis Guarner, Antoni Igual \u00dabeda i Francesc Carreres i de Calatayud, desafien el directori militar del general D\u00e1maso Berenguer i funden Acci\u00f3 Cultural Valenciana. Des de les p\u00e0gines d\u2019<em>Acci\u00f3 Valenciana<\/em>, el seu \u00f2rgan d\u2019expressi\u00f3, aquella entitat aspira a convertir-se en l\u2019avan\u00e7ada del redre\u00e7ament identitari valenci\u00e0. <\/p>\n<p>A partir d\u2019una descripci\u00f3 minuciosa, el present estudi fa una radiografia profunda del peri\u00f2dic <em>Acci\u00f3 Valenciana<\/em> com a mitj\u00e0 de comunicaci\u00f3, alhora que situa en perspectiva les claus interpretatives de l\u2019ideari de la publicaci\u00f3 i la complexitat del seu discurs ideol\u00f2gic a trav\u00e9s de l\u2019an\u00e0lisi dels debats que la recorren. Des d\u2019un punt de vista ling\u00fc\u00edstic, l\u2019estudi de Santi Vall\u00e9s permet reconstruir una part important del proc\u00e9s previ a l\u2019aprovaci\u00f3 de les normes de Castell\u00f3, aix\u00ed com el debat suscitat a l\u2019entorn de la creaci\u00f3 d\u2019una acad\u00e8mia de la llengua.<\/p>\n<p>Santi Vall\u00e9s Casanoves (l\u2019Alc\u00fadia, 1967), fil\u00f2leg i assagista, ha sigut professor de la Universitat de Val\u00e8ncia i \u00e9s t\u00e8cnic de promoci\u00f3 ling\u00fc\u00edstica de la Generalitat Valenciana i membre de la Uni\u00f3 de Periodistes Valencians. Com a periodista, ha exercit de corresponsal, redactor, col\u00b7laborador i cr\u00edtic literari en diversos mitjans de la premsa escrita. Com a investigador, ha publicat monografies sobre llengua i literatura i treballs de car\u00e0cter etnogr\u00e0fic i sociol\u00f2gic, com ara <em>El rebost de la mem\u00f2ria<\/em> (2002) o <em>Digues blau cel<\/em> (2002). Especialitzat en l\u2019estudi del valencianisme pol\u00edtic i cultural del segle xx, \u00e9s autor de la biografia <em>Josep Llu\u00eds Bausset.<\/em> <em>Converses amb l\u2019home subterrani<\/em> (Premi de la Generalitat Valenciana al llibre m\u00e9s ben editat de l\u2019any 2000). En la mateixa l\u00ednia d\u2019investigaci\u00f3 encetada amb l\u2019estudi que ara veu la llum, actualment treballa en l\u2019elaboraci\u00f3 d\u2019una tesi doctoral sobre Adolf Pizcueta i la seua participaci\u00f3 en les publicacions valencianistes de la d\u00e8cada de 1930.\n<\/p><\/blockquote>\n","protected":false},"excerpt":{"rendered":"<p>L&#8217;avl vos convida a la presentaci\u00f3 del llibre Acci\u00f3 Valenciana (1930-1931). La consci\u00e8ncia desvetlada de Santi Vall\u00e9s. L&#8217;acte tindr\u00e0 lloc dimecres 4 de febrer del 2009 a les 19:00 en la sala d&#8217;actes del Museu de la Ciutat, pla\u00e7a de l&#8217;Arquebisbe, n\u00famero 3, de Val\u00e8ncia. Acci\u00f3 Valenciana (1930-1931) La consci\u00e8ncia desvetlada El 8 de mar\u00e7 [&hellip;]<\/p>\n","protected":false},"author":2,"featured_media":0,"comment_status":"open","ping_status":"open","sticky":false,"template":"","format":"standard","meta":{"footnotes":""},"categories":[2,1,17,19,22,27],"tags":[291],"class_list":["post-793","post","type-post","status-publish","format-standard","hentry","category-comunicacio","category-general","category-normativa","category-politica","category-recerca","category-sociolinguistica","tag-llibres"],"_links":{"self":[{"href":"https:\/\/www.cdlpv.org\/dtl\/wp-json\/wp\/v2\/posts\/793","targetHints":{"allow":["GET"]}}],"collection":[{"href":"https:\/\/www.cdlpv.org\/dtl\/wp-json\/wp\/v2\/posts"}],"about":[{"href":"https:\/\/www.cdlpv.org\/dtl\/wp-json\/wp\/v2\/types\/post"}],"author":[{"embeddable":true,"href":"https:\/\/www.cdlpv.org\/dtl\/wp-json\/wp\/v2\/users\/2"}],"replies":[{"embeddable":true,"href":"https:\/\/www.cdlpv.org\/dtl\/wp-json\/wp\/v2\/comments?post=793"}],"version-history":[{"count":0,"href":"https:\/\/www.cdlpv.org\/dtl\/wp-json\/wp\/v2\/posts\/793\/revisions"}],"wp:attachment":[{"href":"https:\/\/www.cdlpv.org\/dtl\/wp-json\/wp\/v2\/media?parent=793"}],"wp:term":[{"taxonomy":"category","embeddable":true,"href":"https:\/\/www.cdlpv.org\/dtl\/wp-json\/wp\/v2\/categories?post=793"},{"taxonomy":"post_tag","embeddable":true,"href":"https:\/\/www.cdlpv.org\/dtl\/wp-json\/wp\/v2\/tags?post=793"}],"curies":[{"name":"wp","href":"https:\/\/api.w.org\/{rel}","templated":true}]}}