{"id":79,"date":"2007-05-11T13:39:02","date_gmt":"2007-05-11T12:39:02","guid":{"rendered":"http:\/\/www.cdlpv.org\/dtl\/?p=79"},"modified":"2007-05-11T13:39:02","modified_gmt":"2007-05-11T12:39:02","slug":"el-tsj-no-protegix-adequadament-la-difusio-de-tv3","status":"publish","type":"post","link":"https:\/\/www.cdlpv.org\/dtl\/2007\/05\/11\/el-tsj-no-protegix-adequadament-la-difusio-de-tv3\/","title":{"rendered":"El TSJ no protegix adequadament la difusi\u00f3 de TV3"},"content":{"rendered":"<p>Quant al tema de TV3, a pesar de la resoluci\u00f3 final negativa del TSJ valenci\u00e0, podem sumar un altre magistrat valenci\u00e0 que es pren la mol\u00e8stia d&#8217;argumentar les seues decisions en defensa dels drets dels ciutadans, tal com ha fet en el seu vot particular Carlos Altarriba. \u00c9s una actitud que cal elogiar, sobretot si es contraposa a la d&#8217;altres que es deixen dur pel corrent de les suposicions i la defensa dels interessos econ\u00f2mics particulars d&#8217;alguns &mdash;suposats i gens concrets&mdash; m\u00e9s o menys poderosos o directament del govern de torn.<\/p>\n<p>En resum, Carlos Altarriba constata que les reemissions de TV3 que fa ACPV no tenen inter\u00e9s lucratiu per a esta entitat, s\u00f3n conegudes i fa vint anys que duren &mdash;per la qual cosa no es pot invocar urg\u00e8ncia&mdash;, la clausura no est\u00e0 suficientment motivada en danys a l&#8217;administraci\u00f3 o a tercers per\u00f2, en canvi, \u00abresulta compromesa la llibertat d&#8217;expressi\u00f3 i el que s&#8217;emmudix s\u00f3n les raons, les idees, les opinions i els sentiments\u00bb.<\/p>\n<p>Reprodu\u00efm la not\u00edcia que ha donat Vilaweb (<a href=\"http:\/\/www.vilaweb.cat\/www\/ep\/noticia?noticia=2391371\" target=\"_blank\">10.5.2007 dv.<\/a>):<\/p>\n<blockquote>\n<h2>El TSJ rebutja suspendre l&#8217;ordre del Consell de cessament provisional de TV-3 a la Comunitat amb un vot particular<\/h2>\n<h3>Climent demana a Clos que execute &#8220;les seues bones intencions com m\u00e9s prompte millor&#8221; i intervinga per a possibilitar la continu\u00eftat de les emissions<\/h3>\n<h5>VAL\u00c8NCIA, 10\/05\/2007 (EUROPA PRESS)<\/h5>\n<p>La secci\u00f3 primera de la sala contenciosa administratiu del Tribunal Superior de Just\u00edcia de la Comunitat Valenciana ha rebutjat, amb un vot particular d&#8217;un dels tres magistrats que componen la sala, la petici\u00f3 d&#8217;Acci\u00f3 Cultural del Pa\u00eds Valenci\u00e0 (ACPV) de suspendre la mesura provisional decretada pel Consell de tancament de les emissions de TV-3 a la Comunitat Valenciana mentre es resol l&#8217;expedient sancionador.<\/p>\n<p>El TSJ ha desestimat aix\u00ed en una interlocut\u00f2ria el recurs interposat per ACPV amb l&#8217;argument que, tot i que &#8220;no consta a la sala&#8221; que l&#8217;entitat tinga \u00e0nim de lucre, la seua actuaci\u00f3 &#8220;\u00e9s susceptible de causar greus perju\u00eds a les televisions legalment instal\u00b7lades&#8221; a la Comunitat. D&#8217;esta manera, considera que de permetre&#8217;s este tipus d&#8217;activitats, &#8220;sense la corresponent concessi\u00f3 o autoritzaci\u00f3, qualsevol associaci\u00f3 o persona f\u00edsica o jur\u00eddica podria difondre a la Comunitat qualsevol canal de televisi\u00f3&#8221;.<\/p>\n<p>A\u00e7\u00f2 provocaria, segons el parer de la sala, que les televisions legalment establides &#8220;perdrien quotes de pantalla i podrien vore minvats els seus resultats&#8221;. Tamb\u00e9 especifica que no es tracta d&#8217;un litigi entre Radiotelevisi\u00f3 Valenciana i la televisi\u00f3 p\u00fablica catalana sobre el dret a emetre dins de la Comunitat sin\u00f3 el dret d&#8217;ACPV a difondre a la Comunitat Valenciana la programaci\u00f3 de la televisi\u00f3 p\u00fablica catalana.<\/p>\n<p>A m\u00e9s, els magistrats al\u00b7ludixen a la &#8220;falta de concreci\u00f3 dels perju\u00eds que causa la resoluci\u00f3 de la Generalitat&#8221; a ACPV i opinen que com l&#8217;entitat no t\u00e9 llic\u00e8ncia per a emetre, no t\u00e9 dret tampoc a demandar la suspensi\u00f3, alhora que recalca que la seua actuaci\u00f3 &#8220;no \u00e9s inn\u00f2cua&#8221; sin\u00f3 &#8220;susceptible de causar perju\u00eds&#8221;.<\/p>\n<p>Per la seua banda, en el seu vot particular, el magistrat Carlos Altarriba considera que el fons de la q\u00fcesti\u00f3 no \u00e9s la concessi\u00f3 o no concessi\u00f3, &#8220;que ning\u00fa discutix&#8221;, sin\u00f3 si la Generalitat t\u00e9 compet\u00e8ncia per a imposar sancions en el cas de l&#8217;emissi\u00f3 de senyals radioel\u00e8ctrics pels canals de TDT 47 i 55, que s\u00f3n de titularitat estatal i no estan cedits a la Comunitat Valenciana.<\/p>\n<p>A m\u00e9s, afirma que en absolut &#8220;ens trobem davant d&#8217;una activitat clandestina, amagada o fosca&#8221; i, respecte d&#8217;aix\u00f2, assenyala que la difusi\u00f3 del senyal de TV-3 a la Comunitat, &#8220;amb m\u00e9s o menys alts i baixos, depenia de la conjuntura pol\u00edtica i s&#8217;ha materialitzat en un temps superior als 20 anys&#8221;.<\/p>\n<p>En este sentit, opina que no hi havia &#8220;la menor urg\u00e8ncia a establir la mesura policial de clausura i de tancament imposada cautelarment per l&#8217;Administraci\u00f3 sancionadora, perqu\u00e8 eixe mateix senyal havia estat consentit permanentment durant molt de temps&#8221;. Considera que la suspensi\u00f3 provisional no respon a &#8220;cap tipus de motivaci\u00f3&#8221; i que l&#8217;inter\u00e9s del Consell per la &#8220;simple legalitat, tota sola, no justifica la imposici\u00f3 d&#8217;una mesura cautelar&#8221; d&#8217;eixa naturalesa.<\/p>\n<p><strong>&#8220;TRAURE LES CASTANYES DEL FOC&#8221;<\/strong><\/p>\n<p>&#8220;Ni tan sols s&#8217;ha insinuat que la difusi\u00f3 del senyal perjudique l&#8217;Administraci\u00f3, a altres administracions p\u00fabliques i incl\u00fas a tercers privats interessats&#8221;, continua el magistrat, qui retrau a la majoria de la sala que parle de &#8216;quota de pantalla&#8217; perqu\u00e8 no \u00e9s el tribunal &#8220;el que ha de traure les castanyes del foc a l&#8217;Administraci\u00f3, sin\u00f3 esta la que necess\u00e0riament ha de fer patent un inter\u00e9s consistent, m\u00e9s enll\u00e0 de la simple legalitat, que justificara la mesura&#8221;.<\/p>\n<p>Per tot aix\u00f2, considera que es tracta d&#8217;una mesura &#8220;il\u00b7leg\u00edtima i sense justificaci\u00f3, que no havia d&#8217;haver tingut l&#8217;empara d&#8217;una sala contenciosa, precisament constitu\u00efda per a salvaguardar els ciutadans front als excessos de l&#8217;Administraci\u00f3&#8221;, i m\u00e9s en aquells casos &#8220;en qu\u00e8 resulta compromesa la llibertat d&#8217;expressi\u00f3 i el que s&#8217;emmudix s\u00f3n les raons, les idees, les opinions i els sentiments&#8221;.<\/p>\n<p>L&#8217;advocada d&#8217;Acci\u00f3 Cultural del Pa\u00eds Valenci\u00e0, Merc\u00e8 Teodoro, acompanyada en roda de premsa pel president de l&#8217;entitat, Eliseu Climent, ha assenyalat que esta nova resoluci\u00f3 judicial confirma que hi ha una &#8220;fractura en el m\u00f3n judicial perqu\u00e8 no hi ha una opini\u00f3 un\u00e0nime i evidencia un conflicte competencial i una possible lesi\u00f3 a drets fonamentals a emetre i a difondre idees i pensaments a trav\u00e9s de mitjans de comunicaci\u00f3 i a la tasca de normalitzaci\u00f3 ling\u00fc\u00edstica&#8221;.<\/p>\n<p>Ha avan\u00e7at que ACPV interposar\u00e0 un recurs de s\u00faplica contra la decisi\u00f3 del TSJ i ha remarcat que des de l&#8217;entitat &#8220;continuarem en la defensa de la nostra posici\u00f3 jur\u00eddica fins a les \u00faltimes inst\u00e0ncies judicials estatals o internacionals perqu\u00e8 creiem que la ra\u00f3 jur\u00eddica est\u00e0 de la nostra part&#8221;.<\/p>\n<p><strong>COMPET\u00c8NCIA ESTATAL DE SANCIONAR<\/strong><\/p>\n<p>D&#8217;altra banda, ha informat que el Ministeri d&#8217;Ind\u00fastria assenyala, a trav\u00e9s d&#8217;un escrit rem\u00e9s a la Generalitat a inst\u00e0ncies d&#8217;ACPV, que els canals digitals 47 i 55 no estan adscrits a la Comunitat i que, per tant, les compet\u00e8ncies d&#8217;inspecci\u00f3 i de sanci\u00f3 corresponen a \u00f2rgans del Govern estatal. A m\u00e9s, la inspecci\u00f3 i r\u00e8gim sancionador s&#8217;establixen en la llei General de Telecomunicacions i no en la llei valenciana de l&#8217;Audiovisual, que a m\u00e9s est\u00e0 recorreguda per l&#8217;Administraci\u00f3 central, va explicar Teodoro.<\/p>\n<p>En este punt, ha assenyalat que la Generalitat &#8220;actua basant-se en una llei posada en dubte, impugada per l&#8217;Estat i que pot ser declarada inconstitucional&#8221; i, respecte d&#8217;aix\u00f2, ha especificat que els articles d&#8217;esta norma en qu\u00e8 es basa el Govern valenci\u00e0 per a instruir l&#8217;expedient de tancament de TV-3 s\u00f3n precisament els recorreguts per l&#8217;Estat.<\/p>\n<p>Per la seua banda, Eliseu Climent ha destacat el &#8220;canvi d&#8217;actitud&#8221; del Ministeri d&#8217;Ind\u00fastria i ha demandat al seu titular, Joan Clos, que intervinga per a &#8220;solucionar el conflicte&#8221; perqu\u00e8 el seu departament \u00e9s &#8220;l&#8217;\u00fanic que pot fer-ho&#8221;. Ha demanat al Govern valenci\u00e0 que ature l&#8217;expedient, que inclou una multa de 300.000 euros i l&#8217;ordre de tancament de les emissions, i a Clos que &#8220;done soluci\u00f3&#8221; i &#8220;execute les seues bones intencions com m\u00e9s prompte millor pel b\u00e9 de tots i per la tranquil\u00b7litat d&#8217;este pa\u00eds&#8221;, ha insistit.<\/p>\n<p>Tamb\u00e9 ha indicat que el que vol ACPV \u00e9s que TV-3 es veja en territori valenci\u00e0 i Canal 9 a Catalunya i &#8220;si aix\u00f2 passa per un altre m\u00faltiplex, doncs que hi haja un altre m\u00faltiplex&#8221; per a la Comunitat. Teodoro ha afegit que si s&#8217;arriba a un acord &#8220;ser\u00e0 perqu\u00e8 el Ministeri intervinga&#8221; i ha afirmat que el Govern valenci\u00e0 &#8220;amb una cara negocia amb Catalunya i amb una altra ens est\u00e0 posant un ganivet al coll&#8221;.\n<\/p><\/blockquote>\n","protected":false},"excerpt":{"rendered":"<p>Quant al tema de TV3, a pesar de la resoluci\u00f3 final negativa del TSJ valenci\u00e0, podem sumar un altre magistrat valenci\u00e0 que es pren la mol\u00e8stia d&#8217;argumentar les seues decisions en defensa dels drets dels ciutadans, tal com ha fet en el seu vot particular Carlos Altarriba. \u00c9s una actitud que cal elogiar, sobretot si [&hellip;]<\/p>\n","protected":false},"author":2,"featured_media":0,"comment_status":"open","ping_status":"open","sticky":false,"template":"","format":"standard","meta":{"footnotes":""},"categories":[2,4,1,19,34],"tags":[],"class_list":["post-79","post","type-post","status-publish","format-standard","hentry","category-comunicacio","category-dret","category-general","category-politica","category-tv3"],"_links":{"self":[{"href":"https:\/\/www.cdlpv.org\/dtl\/wp-json\/wp\/v2\/posts\/79","targetHints":{"allow":["GET"]}}],"collection":[{"href":"https:\/\/www.cdlpv.org\/dtl\/wp-json\/wp\/v2\/posts"}],"about":[{"href":"https:\/\/www.cdlpv.org\/dtl\/wp-json\/wp\/v2\/types\/post"}],"author":[{"embeddable":true,"href":"https:\/\/www.cdlpv.org\/dtl\/wp-json\/wp\/v2\/users\/2"}],"replies":[{"embeddable":true,"href":"https:\/\/www.cdlpv.org\/dtl\/wp-json\/wp\/v2\/comments?post=79"}],"version-history":[{"count":0,"href":"https:\/\/www.cdlpv.org\/dtl\/wp-json\/wp\/v2\/posts\/79\/revisions"}],"wp:attachment":[{"href":"https:\/\/www.cdlpv.org\/dtl\/wp-json\/wp\/v2\/media?parent=79"}],"wp:term":[{"taxonomy":"category","embeddable":true,"href":"https:\/\/www.cdlpv.org\/dtl\/wp-json\/wp\/v2\/categories?post=79"},{"taxonomy":"post_tag","embeddable":true,"href":"https:\/\/www.cdlpv.org\/dtl\/wp-json\/wp\/v2\/tags?post=79"}],"curies":[{"name":"wp","href":"https:\/\/api.w.org\/{rel}","templated":true}]}}