{"id":787,"date":"2009-01-23T10:08:04","date_gmt":"2009-01-23T09:08:04","guid":{"rendered":"http:\/\/www.cdlpv.org\/dtl\/?p=787"},"modified":"2009-01-23T10:08:04","modified_gmt":"2009-01-23T09:08:04","slug":"contraplanificacio-linguistica-4-zones-de-vianants-de-lajuntament-de-valencia","status":"publish","type":"post","link":"https:\/\/www.cdlpv.org\/dtl\/2009\/01\/23\/contraplanificacio-linguistica-4-zones-de-vianants-de-lajuntament-de-valencia\/","title":{"rendered":"Contraplanificaci\u00f3 ling\u00fc\u00edstica \/ 4: zones de vianants de l&#8217;Ajuntament de Val\u00e8ncia"},"content":{"rendered":"<p>S\u00edndic de greuges valenci\u00e0<br \/>\nQueixa n\u00fam. 082810<\/p>\n<p>Em toca reprendre la contraplanificaci\u00f3 davant la resposta des responsabilitat col\u00b7lectiva de Vicente Igual Alandete, Alfonso Novo Belenguer i, \u00e9s clar, Rita Barber\u00e1 Nolla. M\u2019havien dit:<\/p>\n<blockquote><p>En el cas que ens ocupa, que s\u00f3n els cartells informatius que indiquen al conductor que entra en una zona de vianants, es va adoptar la soluci\u00f3 d\u2019utilitzar-hi nom\u00e9s l\u2019idioma castell\u00e0 i no en biling\u00fce per tractar-se d\u2019un text llarg i no poder utilitzar un senyal molt gran, ja que la ubicaci\u00f3 dels dits cartells \u00e9s en zona urbana, amb nombrosos elements que en condicionen la grand\u00e0ria.<\/p><\/blockquote>\n<p>I llavors m\u2019he perm\u00e9s adre\u00e7ar-li un comentari a la s\u00edndica de greuges:<\/p>\n<blockquote><p>\nHe estat a punt de deixar-me dur per la temptaci\u00f3 de no aportar elements nous a la queixa, ja que estic segur que el s\u00edndic de greuges sabr\u00e0 aclarir-los a l\u2019alcaldessa Rita Barber\u00e1 Nolla, al regidor Vicente Igual Alandete i al senyor Alfonso Novo Belenguer la incompatibilitat manifesta que es despr\u00e9n del contingut del seu escrit amb el que ha de ser els respecte als drets ling\u00fc\u00edstics dels ciutadans valencians i a les obligacions ling\u00fc\u00edstiques de l\u2019ajuntament que representen.<\/p>\n<p>    Dit aix\u00f2, voldria recordar-los que l\u2019elecci\u00f3 ling\u00fc\u00edstica amb qu\u00e8 van decidir discriminar els ciutadans valencians contrav\u00e9, entre altres normes, el mateix <a href=\"http:\/\/www.geocities.com\/golls.geo\/Legis\/Arxius\/Requisit\/reglaments\/reglvalencia2005.htm\" atrget=\"_blank\">Reglament<\/a> sobre l\u2019\u00fas i la normalitzaci\u00f3 del valenci\u00e0 al municipi de la ciutat de Val\u00e8ncia (<span class=\"versaleta\">bopv<\/span>, 14.05.2005), l\u2019article 17 especialment.<\/p>\n<p>    Finalment, em sorpr\u00e9n de la resposta de l\u2019ajuntament tant la pressuposici\u00f3 que el senyal havia de ser biling\u00fce com que no fonamente la supressi\u00f3 d\u2019una de les lleng\u00fces en cap norma legal, sin\u00f3 simplement en una decisi\u00f3 personal discrecional i arbitr\u00e0ria. No puc evitar tindre la sensaci\u00f3 que qualsevol excusa els sembla bona per a imposar el castell\u00e0 en les seues actuacions p\u00fabliques.<\/p>\n<p>    Naturalment, espere que siga una sensaci\u00f3 sense m\u00e9s fonament i que l\u2019ajuntament resolga la q\u00fcesti\u00f3 posant els senyals esmentats en valenci\u00e0, d\u2019acord amb la normativa ling\u00fc\u00edstica vigent i en sintonia amb l\u2019esperit c\u00edvic de respecte i millora dels serveis i espais p\u00fablics que anima la presentaci\u00f3 de les queixes ciutadanes davant el s\u00edndic de greuges.<\/p><\/blockquote>\n","protected":false},"excerpt":{"rendered":"<p>S\u00edndic de greuges valenci\u00e0 Queixa n\u00fam. 082810 Em toca reprendre la contraplanificaci\u00f3 davant la resposta des responsabilitat col\u00b7lectiva de Vicente Igual Alandete, Alfonso Novo Belenguer i, \u00e9s clar, Rita Barber\u00e1 Nolla. M\u2019havien dit: En el cas que ens ocupa, que s\u00f3n els cartells informatius que indiquen al conductor que entra en una zona de vianants, [&hellip;]<\/p>\n","protected":false},"author":2,"featured_media":0,"comment_status":"open","ping_status":"open","sticky":false,"template":"","format":"standard","meta":{"footnotes":""},"categories":[4,1,47,24,25],"tags":[119,440,508],"class_list":["post-787","post","type-post","status-publish","format-standard","hentry","category-dret","category-general","category-planificacio","category-requisit-linguistic","category-retolacio","tag-contraplanificacio","tag-sindic-de-greuges","tag-valencia"],"_links":{"self":[{"href":"https:\/\/www.cdlpv.org\/dtl\/wp-json\/wp\/v2\/posts\/787","targetHints":{"allow":["GET"]}}],"collection":[{"href":"https:\/\/www.cdlpv.org\/dtl\/wp-json\/wp\/v2\/posts"}],"about":[{"href":"https:\/\/www.cdlpv.org\/dtl\/wp-json\/wp\/v2\/types\/post"}],"author":[{"embeddable":true,"href":"https:\/\/www.cdlpv.org\/dtl\/wp-json\/wp\/v2\/users\/2"}],"replies":[{"embeddable":true,"href":"https:\/\/www.cdlpv.org\/dtl\/wp-json\/wp\/v2\/comments?post=787"}],"version-history":[{"count":0,"href":"https:\/\/www.cdlpv.org\/dtl\/wp-json\/wp\/v2\/posts\/787\/revisions"}],"wp:attachment":[{"href":"https:\/\/www.cdlpv.org\/dtl\/wp-json\/wp\/v2\/media?parent=787"}],"wp:term":[{"taxonomy":"category","embeddable":true,"href":"https:\/\/www.cdlpv.org\/dtl\/wp-json\/wp\/v2\/categories?post=787"},{"taxonomy":"post_tag","embeddable":true,"href":"https:\/\/www.cdlpv.org\/dtl\/wp-json\/wp\/v2\/tags?post=787"}],"curies":[{"name":"wp","href":"https:\/\/api.w.org\/{rel}","templated":true}]}}