{"id":785,"date":"2009-01-12T11:48:20","date_gmt":"2009-01-12T10:48:20","guid":{"rendered":"http:\/\/www.cdlpv.org\/dtl\/?p=785"},"modified":"2009-01-12T11:48:20","modified_gmt":"2009-01-12T10:48:20","slug":"jqcv-resultats-provisionals-del-superior-llenguatge-administratiu-i-correccio-de-textos","status":"publish","type":"post","link":"https:\/\/www.cdlpv.org\/dtl\/2009\/01\/12\/jqcv-resultats-provisionals-del-superior-llenguatge-administratiu-i-correccio-de-textos\/","title":{"rendered":"JQCV: resultats provisionals del superior, llenguatge administratiu i correcci\u00f3 de textos"},"content":{"rendered":"<p>El <span class=\"versaleta\">cidaj<\/span> ens envia la informaci\u00f3 seg\u00fcent:<\/p>\n<blockquote><p>Resoluci\u00f3 de 23 de desembre de 2008, de la presidenta de la Junta Qualificadora de Coneixements de Valenci\u00e0, per la qual es fan p\u00fabliques les llistes de resultats provisionals de la prova de grau superior de coneixements de valenci\u00e0 i de capacitaci\u00f3 t\u00e8cnica: llenguatge administratiu i correcci\u00f3 de textos. [2008\/15085] (docv n\u00fam. 5.929, de 09.01.2009)<br \/>\n<a href=\"http:\/\/www.pre.gva.es\/L\/BASIS\/BDLGVPU\/WEB\/LEV_LISTADOS_TEXTO\/DDW?W=SIGNATURA_N=200+AND+SIGNATURA_A=2009&#038;R=N\" target=\"_blank\">&#8211; vegeu text<\/a>\n<\/p><\/blockquote>\n","protected":false},"excerpt":{"rendered":"<p>El cidaj ens envia la informaci\u00f3 seg\u00fcent: Resoluci\u00f3 de 23 de desembre de 2008, de la presidenta de la Junta Qualificadora de Coneixements de Valenci\u00e0, per la qual es fan p\u00fabliques les llistes de resultats provisionals de la prova de grau superior de coneixements de valenci\u00e0 i de capacitaci\u00f3 t\u00e8cnica: llenguatge administratiu i correcci\u00f3 de [&hellip;]<\/p>\n","protected":false},"author":2,"featured_media":0,"comment_status":"open","ping_status":"open","sticky":false,"template":"","format":"standard","meta":{"footnotes":""},"categories":[10,1,13],"tags":[123,197,285,453],"class_list":["post-785","post","type-post","status-publish","format-standard","hentry","category-formacio","category-general","category-jqcv","tag-correccio-de-textos","tag-examens","tag-llenguatge-administratiu","tag-superior"],"_links":{"self":[{"href":"https:\/\/www.cdlpv.org\/dtl\/wp-json\/wp\/v2\/posts\/785","targetHints":{"allow":["GET"]}}],"collection":[{"href":"https:\/\/www.cdlpv.org\/dtl\/wp-json\/wp\/v2\/posts"}],"about":[{"href":"https:\/\/www.cdlpv.org\/dtl\/wp-json\/wp\/v2\/types\/post"}],"author":[{"embeddable":true,"href":"https:\/\/www.cdlpv.org\/dtl\/wp-json\/wp\/v2\/users\/2"}],"replies":[{"embeddable":true,"href":"https:\/\/www.cdlpv.org\/dtl\/wp-json\/wp\/v2\/comments?post=785"}],"version-history":[{"count":0,"href":"https:\/\/www.cdlpv.org\/dtl\/wp-json\/wp\/v2\/posts\/785\/revisions"}],"wp:attachment":[{"href":"https:\/\/www.cdlpv.org\/dtl\/wp-json\/wp\/v2\/media?parent=785"}],"wp:term":[{"taxonomy":"category","embeddable":true,"href":"https:\/\/www.cdlpv.org\/dtl\/wp-json\/wp\/v2\/categories?post=785"},{"taxonomy":"post_tag","embeddable":true,"href":"https:\/\/www.cdlpv.org\/dtl\/wp-json\/wp\/v2\/tags?post=785"}],"curies":[{"name":"wp","href":"https:\/\/api.w.org\/{rel}","templated":true}]}}