{"id":778,"date":"2009-01-15T22:40:50","date_gmt":"2009-01-15T21:40:50","guid":{"rendered":"http:\/\/www.cdlpv.org\/dtl\/?p=778"},"modified":"2009-01-15T22:40:50","modified_gmt":"2009-01-15T21:40:50","slug":"la-visio-de-zapatero","status":"publish","type":"post","link":"https:\/\/www.cdlpv.org\/dtl\/2009\/01\/15\/la-visio-de-zapatero\/","title":{"rendered":"La \u00abvisi\u00f3\u00bb de Zapatero"},"content":{"rendered":"<p>Les declaracions de Rodr\u00edguez Zapatero sobre el suport a l\u2019\u00fas de les lleng\u00fces de l\u2019estat, tal com vam poder sentir fa uns dies en un m\u00edting en Gal\u00edcia, \u00ables guste a algunos o no, mi visi\u00f3n de Espa\u00f1a es que all\u00ed donde hay una lengua propia, tendr\u00e9is siempre a un presidente de Espa\u00f1a apoyando a esa lengua y a esa identidad\u00bb, per ara s\u00f3n simplement paraules \u2014en castell\u00e0\u2014 sense cap fet que les corrobore, i lamentablement aix\u00f2 fa pensar que s\u00f3n mentira.<\/p>\n<p>Segons la not\u00edcia d\u2019Albert Segura ahir en el diari Avui <a href=\"http:\/\/www.avui.cat\/article\/mon_politica\/\/51246\/madrid\/incompleix\/acords\/sobre\/lus\/catala\/europa.html\" target=\"_blank\">(15.01.2009)<\/a>:<\/p>\n<p>    Madrid incompleix els acords sobre l\u2019\u00fas del catal\u00e0 a Europa<br \/>\n    Un informe que es presenta avui certifica que el govern espanyol no ha decidit, tres anys despr\u00e9s, qui fa les traduccions i no es fa c\u00e0rrec de les despeses<\/p>\n<p>    Si la llengua catalana encara no es pot fer servir a les institucions europees \u00e9s perqu\u00e8 el govern espanyol no vol. El 90% dels acords que Jos\u00e9 Luis Rodr\u00edguez Zapatero va signar a Brussel\u00b7les el 2005, que havien de permetre l\u2019\u00fas del catal\u00e0, del basc i del gallec tot i que no siguin lleng\u00fces oficials de la Uni\u00f3 Europea, no s\u2019estan aplicant perqu\u00e8 Madrid els incompleix.<\/p>\n<p>    [&#8230;] <\/p>\n","protected":false},"excerpt":{"rendered":"<p>Les declaracions de Rodr\u00edguez Zapatero sobre el suport a l\u2019\u00fas de les lleng\u00fces de l\u2019estat, tal com vam poder sentir fa uns dies en un m\u00edting en Gal\u00edcia, \u00ables guste a algunos o no, mi visi\u00f3n de Espa\u00f1a es que all\u00ed donde hay una lengua propia, tendr\u00e9is siempre a un presidente de Espa\u00f1a apoyando a [&hellip;]<\/p>\n","protected":false},"author":2,"featured_media":0,"comment_status":"open","ping_status":"open","sticky":false,"template":"","format":"standard","meta":{"footnotes":""},"categories":[1,47,19,35],"tags":[288,335,491,523],"class_list":["post-778","post","type-post","status-publish","format-standard","hentry","category-general","category-planificacio","category-politica","category-unio-europea","tag-llengues-oficials","tag-oficialitat","tag-unio-europea","tag-zapatero"],"_links":{"self":[{"href":"https:\/\/www.cdlpv.org\/dtl\/wp-json\/wp\/v2\/posts\/778","targetHints":{"allow":["GET"]}}],"collection":[{"href":"https:\/\/www.cdlpv.org\/dtl\/wp-json\/wp\/v2\/posts"}],"about":[{"href":"https:\/\/www.cdlpv.org\/dtl\/wp-json\/wp\/v2\/types\/post"}],"author":[{"embeddable":true,"href":"https:\/\/www.cdlpv.org\/dtl\/wp-json\/wp\/v2\/users\/2"}],"replies":[{"embeddable":true,"href":"https:\/\/www.cdlpv.org\/dtl\/wp-json\/wp\/v2\/comments?post=778"}],"version-history":[{"count":0,"href":"https:\/\/www.cdlpv.org\/dtl\/wp-json\/wp\/v2\/posts\/778\/revisions"}],"wp:attachment":[{"href":"https:\/\/www.cdlpv.org\/dtl\/wp-json\/wp\/v2\/media?parent=778"}],"wp:term":[{"taxonomy":"category","embeddable":true,"href":"https:\/\/www.cdlpv.org\/dtl\/wp-json\/wp\/v2\/categories?post=778"},{"taxonomy":"post_tag","embeddable":true,"href":"https:\/\/www.cdlpv.org\/dtl\/wp-json\/wp\/v2\/tags?post=778"}],"curies":[{"name":"wp","href":"https:\/\/api.w.org\/{rel}","templated":true}]}}