{"id":776,"date":"2009-01-20T12:10:24","date_gmt":"2009-01-20T11:10:24","guid":{"rendered":"http:\/\/www.cdlpv.org\/dtl\/?p=776"},"modified":"2009-01-20T12:10:24","modified_gmt":"2009-01-20T11:10:24","slug":"renovacio-del-cens-dentitats-i-cursos-gratuits","status":"publish","type":"post","link":"https:\/\/www.cdlpv.org\/dtl\/2009\/01\/20\/renovacio-del-cens-dentitats-i-cursos-gratuits\/","title":{"rendered":"Renovaci\u00f3 del cens d\u2019entitats i cursos gratu\u00efts"},"content":{"rendered":"<p>Els <em>Flaixos d&#8217;Actualitat<\/em> (<a href=\"http:\/\/www20.gencat.cat\/portal\/site\/Llengcat\/menuitem.08f45c9e3857090e3285bdb1b0c0e1a0\/?vgnextoid=cedaaa22b7103110VgnVCM1000008d0c1e0aRCRD&#038;vgnextchannel=cedaaa22b7103110VgnVCM1000008d0c1e0aRCRD&#038;vgnextfmt=default\" target=\"_blank\">n\u00fam. 26<\/a>, 19.01.2009) ens envien la informaci\u00f3 seg\u00fcent:<\/p>\n<blockquote>\n<h2>S&#8217;obre el termini per sol\u00b7licitar la inclusi\u00f3 o la renovaci\u00f3<\/b> en el cens d&#8217;entitats<\/b> que tenen per finalitat el foment de la llengua catalana<\/h2>\n<p>Com cada any, per donar compliment a l\u2019Ordre <span class=\"versaleta\">clt<\/span>\/82\/2002, de 15 de mar\u00e7, publicada al <span class=\"versaleta\"><em>dogc<\/em><\/span>, n\u00fam. 3603, de 26 de mar\u00e7 de 2002, l\u20191 de gener s\u2019ha obert el termini perqu\u00e8 les entitats puguin sol\u00b7licitar o renovar la seva inclusi\u00f3 al cens<\/b> d\u2019entitats<\/b> que tenen per finalitat el foment de la llengua catalana. El termini es tancar\u00e0 el 30 d\u2019abril de 2009.<\/p>\n<p>L\u2019article 1 de la Llei 21\/2001, de 28 de desembre (<span class=\"versaleta\"><em>dogc<\/em><\/span> 3543A, de 31 de desembre de 2001), de mesures fiscals i administratives, estableix una deducci\u00f3, a aplicar en l\u2019impost sobre la renda de les persones f\u00edsiques, per donatius a favor de fundacions i associacions que tinguin per finalitat el foment de la llengua catalana i que figurin en  aquest cens<\/b>.<\/p>\n<p>Les sol\u00b7licituds s\u2019han d\u2019adre\u00e7ar a la Secretaria de Pol\u00edtica Ling\u00fc\u00edstica i poden presentar-se tamb\u00e9 a qualsevol de les oficines de registre pr\u00f2pies o concertades de la Generalitat de Catalunya.<\/p>\n<p>Per a m\u00e9s informaci\u00f3:<br \/>\n<a href=\"http:\/\/www.gencat.cat\/llengua\/cens\" target=\"_blank\">Cens<\/b> d&#8217;entitats<\/b> de foment de la llengua<\/a><\/p>\n<hr \/>\n<h2>Cursos<\/b> gratu\u00efts<\/b> per a professionals de la traducci\u00f3 i la correcci\u00f3<\/h2>\n<p>SIC, SL organitza cursos<\/b>, totalment gratu\u00efts, en una iniciativa que t\u00e9 el suport del<\/b> Fons Social Europeu, el Consorci per a la Formaci\u00f3 Cont\u00ednua de Catalunya i FSTrade-<span class=\"versaleta\">cc oo<\/span>. Els cursos<\/b> tenen un aforament limitat i hi poden accedir treballadores i treballadors aut\u00f2noms en actiu que tinguin resid\u00e8ncia fiscal a Catalunya.<\/p>\n<p>Els cursos<\/b> previstos s\u00f3n:<\/p>\n<ul>\n<li>T\u00e8cniques de productivitat avan\u00e7ada en la traducci\u00f3. Febrer 2009.\n<li>Gesti\u00f3 de projectes de traducci\u00f3 assistida amb SDL Trados. Febrer 2009\n<li>Gesti\u00f3 de projectes de traducci\u00f3 assistida amb Wordfast mar\u00e7 2009\n<\/ul>\n<p>Per a m\u00e9s informaci\u00f3:<br \/>\n<a href=\"http:\/\/www.torsimany.cat\/\" target=\"_blank\">http:\/\/www.torsimany.cat<\/a>\n<\/p>\n<\/blockquote>\n","protected":false},"excerpt":{"rendered":"<p>Els Flaixos d&#8217;Actualitat (n\u00fam. 26, 19.01.2009) ens envien la informaci\u00f3 seg\u00fcent: S&#8217;obre el termini per sol\u00b7licitar la inclusi\u00f3 o la renovaci\u00f3 en el cens d&#8217;entitats que tenen per finalitat el foment de la llengua catalana Com cada any, per donar compliment a l\u2019Ordre clt\/82\/2002, de 15 de mar\u00e7, publicada al dogc, n\u00fam. 3603, de 26 [&hellip;]<\/p>\n","protected":false},"author":2,"featured_media":0,"comment_status":"open","ping_status":"open","sticky":false,"template":"","format":"standard","meta":{"footnotes":""},"categories":[2,10,1,47],"tags":[135,206,210],"class_list":["post-776","post","type-post","status-publish","format-standard","hentry","category-comunicacio","category-formacio","category-general","category-planificacio","tag-cursos","tag-flaixos-dactualitat","tag-foment"],"_links":{"self":[{"href":"https:\/\/www.cdlpv.org\/dtl\/wp-json\/wp\/v2\/posts\/776","targetHints":{"allow":["GET"]}}],"collection":[{"href":"https:\/\/www.cdlpv.org\/dtl\/wp-json\/wp\/v2\/posts"}],"about":[{"href":"https:\/\/www.cdlpv.org\/dtl\/wp-json\/wp\/v2\/types\/post"}],"author":[{"embeddable":true,"href":"https:\/\/www.cdlpv.org\/dtl\/wp-json\/wp\/v2\/users\/2"}],"replies":[{"embeddable":true,"href":"https:\/\/www.cdlpv.org\/dtl\/wp-json\/wp\/v2\/comments?post=776"}],"version-history":[{"count":0,"href":"https:\/\/www.cdlpv.org\/dtl\/wp-json\/wp\/v2\/posts\/776\/revisions"}],"wp:attachment":[{"href":"https:\/\/www.cdlpv.org\/dtl\/wp-json\/wp\/v2\/media?parent=776"}],"wp:term":[{"taxonomy":"category","embeddable":true,"href":"https:\/\/www.cdlpv.org\/dtl\/wp-json\/wp\/v2\/categories?post=776"},{"taxonomy":"post_tag","embeddable":true,"href":"https:\/\/www.cdlpv.org\/dtl\/wp-json\/wp\/v2\/tags?post=776"}],"curies":[{"name":"wp","href":"https:\/\/api.w.org\/{rel}","templated":true}]}}