{"id":772,"date":"2009-01-21T08:19:26","date_gmt":"2009-01-21T07:19:26","guid":{"rendered":"http:\/\/www.cdlpv.org\/dtl\/?p=772"},"modified":"2009-01-21T08:19:26","modified_gmt":"2009-01-21T07:19:26","slug":"cinema-en-valencia-en-valencia-27012009-24022009","status":"publish","type":"post","link":"https:\/\/www.cdlpv.org\/dtl\/2009\/01\/21\/cinema-en-valencia-en-valencia-27012009-24022009\/","title":{"rendered":"Cinema en valenci\u00e0 en Val\u00e8ncia (27.01.2009 &#8211; 24.02.2009)"},"content":{"rendered":"<caption id=\"attachment_807\" align=\"alignright\" width=\"150\" caption=\"Cinema en valenci\u00e0 en Val\u00e8ncia\"><a href=\"http:\/\/www.cdlpv.org\/dtl\/wp-content\/cinema-valencia-2009-1.jpg\"><img loading=\"lazy\" decoding=\"async\" src=\"http:\/\/www.cdlpv.org\/dtl\/wp-content\/cinema-valencia-2009-1-150x150.jpg\" alt=\"Cinema en valenci\u00e0 en Val\u00e8ncia\" title=\"Cinema en valenci\u00e0 en Val\u00e8ncia\" width=\"150\" height=\"150\" class=\"size-thumbnail wp-image-807\" \/><\/a><\/caption>\n<p>Ernest Any\u00f3 ens envia el cartell de la cinquena campanya de cinema en valenci\u00e0 de Val\u00e8ncia<\/b>. La programaci\u00f3 \u00e9s la seg\u00fcent:<\/p>\n<blockquote>\n<h2>Cinema<\/b> en Valenci\u00e0<\/b>. 5.<sup>a<\/sup> edici\u00f3<\/h2>\n<h3>Del 27 de gener al 30 de juny de 2009<\/h3>\n<p>Programaci\u00f3 del 27 de gener al 24 de febrer a Val\u00e8ncia<\/b><\/p>\n<p>Cada dimarts a les 20 h, als UGC Cin\u00e9 Cit\u00e9, av. Tirso de Molina, 16.<\/p>\n<p><strong>27 de gener<\/strong><br \/>\n<em>Vicky Cristina Barcelona<\/em><br \/>\nDir. Woody Allen<\/p>\n<p><strong>3 de febrer<\/strong><br \/>\n<em>L\u2019advocat del terror<\/em> (VOS) <em>(L\u2019avocat de la terreur)<\/em><\/p>\n<p>Dir. Barbet Schroeder<\/p>\n<p><strong>10 de febrer<\/strong><br \/>\n<em>Austr\u00e0lia (Australia)<\/em><br \/>\nDir. Baz Luhrmann<\/p>\n<p><strong>17 de febrer<\/strong><br \/>\n<em>Els nens de Huang Shi (The Children of Huang Shi)<\/em><br \/>\nDir. Roger Spottiswoode<\/p>\n<p><strong>24 de febrer<\/strong><br \/>\n<em>Forasters<\/em><\/p>\n<p>Dir. Ventura Pons<\/p>\n<p><strong>Ho organitzen:<\/strong><br \/>\nServei de Pol\u00edtica Ling\u00fc\u00edstica de la Universitat de Val\u00e8ncia<\/b> <a href=\"http:\/\/www.valencia.edu\/spl\" target=\"_blank\">www.valencia.edu\/spl<\/a><br \/>\n\u00c0rea de Promoci\u00f3 i Normalitzaci\u00f3 Ling\u00fc\u00edstica de la Universitat Polit\u00e8cnica de Val\u00e8ncia<\/b> &#8211; <a href=\"http:\/\/www.upv.es\/apnl\" target=\"_blank\">www.upv.es\/apnl<\/a>\n<\/p>\n<\/blockquote>\n","protected":false},"excerpt":{"rendered":"<p>Ernest Any\u00f3 ens envia el cartell de la cinquena campanya de cinema en valenci\u00e0 de Val\u00e8ncia. La programaci\u00f3 \u00e9s la seg\u00fcent: Cinema en Valenci\u00e0. 5.a edici\u00f3 Del 27 de gener al 30 de juny de 2009 Programaci\u00f3 del 27 de gener al 24 de febrer a Val\u00e8ncia Cada dimarts a les 20 h, als UGC [&hellip;]<\/p>\n","protected":false},"author":2,"featured_media":0,"comment_status":"open","ping_status":"open","sticky":false,"template":"","format":"standard","meta":{"footnotes":""},"categories":[42,7,1,15],"tags":[85,508],"class_list":["post-772","post","type-post","status-publish","format-standard","hentry","category-cinema-comunicacio","category-empreses","category-general","category-laboral","tag-campanyes","tag-valencia"],"_links":{"self":[{"href":"https:\/\/www.cdlpv.org\/dtl\/wp-json\/wp\/v2\/posts\/772","targetHints":{"allow":["GET"]}}],"collection":[{"href":"https:\/\/www.cdlpv.org\/dtl\/wp-json\/wp\/v2\/posts"}],"about":[{"href":"https:\/\/www.cdlpv.org\/dtl\/wp-json\/wp\/v2\/types\/post"}],"author":[{"embeddable":true,"href":"https:\/\/www.cdlpv.org\/dtl\/wp-json\/wp\/v2\/users\/2"}],"replies":[{"embeddable":true,"href":"https:\/\/www.cdlpv.org\/dtl\/wp-json\/wp\/v2\/comments?post=772"}],"version-history":[{"count":0,"href":"https:\/\/www.cdlpv.org\/dtl\/wp-json\/wp\/v2\/posts\/772\/revisions"}],"wp:attachment":[{"href":"https:\/\/www.cdlpv.org\/dtl\/wp-json\/wp\/v2\/media?parent=772"}],"wp:term":[{"taxonomy":"category","embeddable":true,"href":"https:\/\/www.cdlpv.org\/dtl\/wp-json\/wp\/v2\/categories?post=772"},{"taxonomy":"post_tag","embeddable":true,"href":"https:\/\/www.cdlpv.org\/dtl\/wp-json\/wp\/v2\/tags?post=772"}],"curies":[{"name":"wp","href":"https:\/\/api.w.org\/{rel}","templated":true}]}}