{"id":768,"date":"2009-01-16T00:18:47","date_gmt":"2009-01-15T23:18:47","guid":{"rendered":"http:\/\/www.cdlpv.org\/dtl\/?p=768"},"modified":"2009-01-16T00:18:47","modified_gmt":"2009-01-15T23:18:47","slug":"contraplanificacio-linguistica-3-el-web-portal-del-comerciante","status":"publish","type":"post","link":"https:\/\/www.cdlpv.org\/dtl\/2009\/01\/16\/contraplanificacio-linguistica-3-el-web-portal-del-comerciante\/","title":{"rendered":"Contraplanificaci\u00f3 ling\u00fc\u00edstica \/ 3: el web Portal del Comerciante"},"content":{"rendered":"<p>Molts pol\u00edtics tenen el vici de pensar que si no hi ha queixes \u00e9s que ho fan perfectament. Saben que aix\u00f2 \u00e9s una excusa que els reconforta, per\u00f2 que no t\u00e9 cap fonament, m\u00e9s encara si una de les seues activitats consistix a enterbolir i entrebancar l\u2019acc\u00e9s dels ciutadans a la informaci\u00f3 p\u00fablica i als procediments de participaci\u00f3 i d\u2019exig\u00e8ncia envers l\u2019activitat p\u00fablica. En este cas la consellera d\u2019Ind\u00fastria, Comer\u00e7 i Innovaci\u00f3 f\u00e9u un web que no respecta els drets ling\u00fc\u00edstics dels ciutadans valencians. Estem pendents de vore si pensa complir la legislaci\u00f3 en una p\u00e0gina (tal com diu) o en tot el web.<\/p>\n<blockquote><p>\n    S\u00edndic de greuges valenci\u00e0<br \/>\n    Queixa n\u00fam. 083281<\/p>\n<p>    M\u2019heu indicat que tanc\u00e0veu l\u2019expedient \u00abat\u00e9s que s\u2019ha obert la via de soluci\u00f3\u00bb a la meua queixa. La consellera d\u2019Ind\u00fastria, Comer\u00e7 i Innovaci\u00f3 ens informava que \u00aben un termini de quinze dies estar\u00e0 finalitzada la versi\u00f3 en valenci\u00e0\u00bb de la p\u00e0gina <a href=\"http:\/\/www.portaldelcomerciante.com\/\" target=\"_blank\">\u00abwww.portaldelcomerciante.com\u00bb<\/a>. Aix\u00f2 era l\u20191 de desembre del 2008. Ara ja \u00e9s 16 de gener del 2009 i la \u00abp\u00e0gina\u00bb inicial, efectivament, est\u00e0 en valenci\u00e0. Tanmateix, la resta del web, els continguts que oferix, continuen apareixent nom\u00e9s en castell\u00e0. Aix\u00f2 continua infringint la legislaci\u00f3 ling\u00fc\u00edstica. La consellera, certament, no ha indicat que tindrem tot el web en valenci\u00e0, sin\u00f3 que f\u00e9u refer\u00e8ncia nom\u00e9s a una \u00abp\u00e0gina\u00bb.<\/p>\n<p>    Naturalment, al cap de vint-i-cinc anys de la Llei 4\/1983, considere que no puc atribuir a confusi\u00f3 o interpretaci\u00f3 err\u00f2nia per la meua part si entenc en les paraules de la consellera, quan ha esmentat una \u00abp\u00e0gina\u00bb, que no anir\u00e0 m\u00e9s enll\u00e0, at\u00e9s que complir la legislaci\u00f3 ling\u00fc\u00edstica vigent no sembla objecte d\u2019atenci\u00f3 de la seua gesti\u00f3 ling\u00fc\u00edstica ni ha segut iniciativa seua en este cas, sin\u00f3 requeriment del S\u00edndic de Greuges a causa d\u2019una queixa ciutadana.<\/p>\n<p>    Per tot, voldria insistir en la queixa a fi que no es tancara i, si ja s\u2019han tancat, que se n\u2019\u00f2briga una nova i que es mantinga oberta almenys fins que la conselleria aclarixca que tot el web ser\u00e0 gestionat ling\u00fc\u00edsticament d\u2019acord amb la legislaci\u00f3 vigent, cosa que no est\u00e0 fent encara.<\/p><\/blockquote>\n","protected":false},"excerpt":{"rendered":"<p>Molts pol\u00edtics tenen el vici de pensar que si no hi ha queixes \u00e9s que ho fan perfectament. Saben que aix\u00f2 \u00e9s una excusa que els reconforta, per\u00f2 que no t\u00e9 cap fonament, m\u00e9s encara si una de les seues activitats consistix a enterbolir i entrebancar l\u2019acc\u00e9s dels ciutadans a la informaci\u00f3 p\u00fablica i als [&hellip;]<\/p>\n","protected":false},"author":2,"featured_media":0,"comment_status":"open","ping_status":"open","sticky":false,"template":"","format":"standard","meta":{"footnotes":""},"categories":[3,1,24],"tags":[119,440],"class_list":["post-768","post","type-post","status-publish","format-standard","hentry","category-documentacio","category-general","category-requisit-linguistic","tag-contraplanificacio","tag-sindic-de-greuges"],"_links":{"self":[{"href":"https:\/\/www.cdlpv.org\/dtl\/wp-json\/wp\/v2\/posts\/768","targetHints":{"allow":["GET"]}}],"collection":[{"href":"https:\/\/www.cdlpv.org\/dtl\/wp-json\/wp\/v2\/posts"}],"about":[{"href":"https:\/\/www.cdlpv.org\/dtl\/wp-json\/wp\/v2\/types\/post"}],"author":[{"embeddable":true,"href":"https:\/\/www.cdlpv.org\/dtl\/wp-json\/wp\/v2\/users\/2"}],"replies":[{"embeddable":true,"href":"https:\/\/www.cdlpv.org\/dtl\/wp-json\/wp\/v2\/comments?post=768"}],"version-history":[{"count":0,"href":"https:\/\/www.cdlpv.org\/dtl\/wp-json\/wp\/v2\/posts\/768\/revisions"}],"wp:attachment":[{"href":"https:\/\/www.cdlpv.org\/dtl\/wp-json\/wp\/v2\/media?parent=768"}],"wp:term":[{"taxonomy":"category","embeddable":true,"href":"https:\/\/www.cdlpv.org\/dtl\/wp-json\/wp\/v2\/categories?post=768"},{"taxonomy":"post_tag","embeddable":true,"href":"https:\/\/www.cdlpv.org\/dtl\/wp-json\/wp\/v2\/tags?post=768"}],"curies":[{"name":"wp","href":"https:\/\/api.w.org\/{rel}","templated":true}]}}