{"id":766,"date":"2009-01-13T00:14:36","date_gmt":"2009-01-12T23:14:36","guid":{"rendered":"http:\/\/www.cdlpv.org\/dtl\/?p=766"},"modified":"2009-01-13T00:14:36","modified_gmt":"2009-01-12T23:14:36","slug":"contraplanificacio-linguistica-2-el-web-de-la-conselleria-de-sanitat","status":"publish","type":"post","link":"https:\/\/www.cdlpv.org\/dtl\/2009\/01\/13\/contraplanificacio-linguistica-2-el-web-de-la-conselleria-de-sanitat\/","title":{"rendered":"Contraplanificaci\u00f3 ling\u00fc\u00edstica \/ 2: el web de la Conselleria de Sanitat"},"content":{"rendered":"<p>S\u00edndic de greuges valenci\u00e0<br \/>\nQueixa n\u00fam. 083326<\/p>\n<p>Hui toca replicar-li al director general de Salut P\u00fablica, Manuel Escolano Puig, que ha at\u00e9s la nostra queixa sobre diversos apartats del web de la seua conselleria. La seua resposta no s\u2019ajusta a la realitat ni als fets plantejats en la queixa, aixina que la r\u00e8plica que hem enviat a la s\u00edndica de greuges ha segut esta:<\/p>\n<blockquote><p>\n    Estimada s\u00edndica de greuges:<\/p>\n<p>    Vullc pensar que li heu escrit en catal\u00e0 al director general de Salut P\u00fablica, que \u00e9s com jo vaig escriure la meua queixa, per\u00f2 observe que no respon en la mateixa llengua, sin\u00f3 en espanyol, contr\u00e0riament al que hauria de ser la pr\u00e0ctica administrativa normal.<\/p>\n<p>    D\u2019altra banda, el web www.ditca.net est\u00e0 predeterminat per a obrir-se en espanyol i no permet que siga el ciutad\u00e0, a trav\u00e9s de la configuraci\u00f3 del seu navegador (que t\u00e9 eixa opci\u00f3 t\u00e8cnica), qui decidixca la llengua amb qu\u00e8 vol iniciar la seua relaci\u00f3 en Internet amb eixe web, catal\u00e0, en el meu cas.<\/p>\n<p>    A m\u00e9s, tot i que el document sobre el virus del papil\u00b7loma ha desaparegut dels accessos, es pot trobar (i descarregar en pdf) a partir del cercador del mateix web de la conselleria (dalt a la dreta), fent la consulta, \u00e9s clar, \u00abpapiloma\u00bb, ja que nom\u00e9s est\u00e0 fet en castell\u00e0 <a href=\"http:\/\/www.sp.san.gva.es\/rvn\/docs\/papiloma\/INFORMACION_PROFESIONALES_SANITARIOS_VPH_2008.pdf\" target=\"_blank\"><span class=\"versaleta\">[pdf]<\/span><\/a> i no apareix fent la consulta \u00abpapil\u00b7loma\u00bb. De fet, entre les campanyes informatives vigents actualment, la campanya \u00abPerqu\u00e8 rebes les cures que et mereixes\u00bb, presenta la imatge del cartell en castell\u00e0 en la versi\u00f3 valenciana del web.<\/p>\n<p>    En tercer lloc, el director general de Salut P\u00fablica no respon al que jo he plantejat, ja que els apartats que vaig indicar que estaven nom\u00e9s en espanyol, continuen estant nom\u00e9s en eixa mateixa llengua. A m\u00e9s, si accedim al web de la Conselleria de Sanitat, per exemple, en l\u2019apartat \u00abInformaci\u00f3 institucional\u00bb > \u00abContractaci\u00f3 administrativa\u00bb, els enlla\u00e7os de \u00abConcursos d\u2019obres, subministraments i servicis p\u00fablics\u00bb, \u00abCorreccions d\u2019errors\u00bb i \u00abAdjudicacions\u00bb van a la versi\u00f3 castellana del cidaj, sense m\u00e9s opci\u00f3. S\u2019esdev\u00e9 el mateix amb la resta d\u2019enlla\u00e7os de m\u00e9s avall que van adre\u00e7ats a la versi\u00f3 castellana del web de la Conselleria d\u2019Economia.<\/p>\n<p>    Amb la qual cosa hem vist que no \u00e9s certa actualment l\u2019afirmaci\u00f3 del director general de Salut P\u00fablica respecte del web <span class=\"versaleta\">ditca<\/span> ni respecte del web de la Conselleria de Sanitat, tot i que no defallim en la intenci\u00f3 que es convertixca en realitat, per a la qual cosa nom\u00e9s cal aplicar la gesti\u00f3 ling\u00fc\u00edstica corresponent a una instituci\u00f3, la Generalitat, que ha d\u2019estar disponible en les dos lleng\u00fces cooficials, com a m\u00ednim.\n<\/p><\/blockquote>\n","protected":false},"excerpt":{"rendered":"<p>S\u00edndic de greuges valenci\u00e0 Queixa n\u00fam. 083326 Hui toca replicar-li al director general de Salut P\u00fablica, Manuel Escolano Puig, que ha at\u00e9s la nostra queixa sobre diversos apartats del web de la seua conselleria. La seua resposta no s\u2019ajusta a la realitat ni als fets plantejats en la queixa, aixina que la r\u00e8plica que hem [&hellip;]<\/p>\n","protected":false},"author":2,"featured_media":0,"comment_status":"open","ping_status":"open","sticky":false,"template":"","format":"standard","meta":{"footnotes":""},"categories":[3,1,47,24],"tags":[119,440],"class_list":["post-766","post","type-post","status-publish","format-standard","hentry","category-documentacio","category-general","category-planificacio","category-requisit-linguistic","tag-contraplanificacio","tag-sindic-de-greuges"],"_links":{"self":[{"href":"https:\/\/www.cdlpv.org\/dtl\/wp-json\/wp\/v2\/posts\/766","targetHints":{"allow":["GET"]}}],"collection":[{"href":"https:\/\/www.cdlpv.org\/dtl\/wp-json\/wp\/v2\/posts"}],"about":[{"href":"https:\/\/www.cdlpv.org\/dtl\/wp-json\/wp\/v2\/types\/post"}],"author":[{"embeddable":true,"href":"https:\/\/www.cdlpv.org\/dtl\/wp-json\/wp\/v2\/users\/2"}],"replies":[{"embeddable":true,"href":"https:\/\/www.cdlpv.org\/dtl\/wp-json\/wp\/v2\/comments?post=766"}],"version-history":[{"count":0,"href":"https:\/\/www.cdlpv.org\/dtl\/wp-json\/wp\/v2\/posts\/766\/revisions"}],"wp:attachment":[{"href":"https:\/\/www.cdlpv.org\/dtl\/wp-json\/wp\/v2\/media?parent=766"}],"wp:term":[{"taxonomy":"category","embeddable":true,"href":"https:\/\/www.cdlpv.org\/dtl\/wp-json\/wp\/v2\/categories?post=766"},{"taxonomy":"post_tag","embeddable":true,"href":"https:\/\/www.cdlpv.org\/dtl\/wp-json\/wp\/v2\/tags?post=766"}],"curies":[{"name":"wp","href":"https:\/\/api.w.org\/{rel}","templated":true}]}}