{"id":764,"date":"2009-01-07T00:07:22","date_gmt":"2009-01-06T23:07:22","guid":{"rendered":"http:\/\/www.cdlpv.org\/dtl\/?p=764"},"modified":"2009-01-07T00:07:22","modified_gmt":"2009-01-06T23:07:22","slug":"premis-de-la-generalitat-per-a-les-falles-i-les-festes-de-la-magdalena","status":"publish","type":"post","link":"https:\/\/www.cdlpv.org\/dtl\/2009\/01\/07\/premis-de-la-generalitat-per-a-les-falles-i-les-festes-de-la-magdalena\/","title":{"rendered":"Premis de la Generalitat per a les falles i les festes de la Magdalena"},"content":{"rendered":"<p>El <span class=\"versaleta\">cidaj<\/span> ens envia la informaci\u00f3 seg\u00fcent:<\/p>\n<blockquote>\n<ul>\n<li>Orde de 18 de desembre de 2008, de la Conselleria d&#8217;Educaci\u00f3, per la qual es convoquen els premis de la Generalitat per a activitats de promoci\u00f3 de l&#8217;\u00fas del valenci\u00e0 realitzades per les comissions de falles en l&#8217;\u00e0mbit de la Comunitat Valenciana en 2009. [2008\/15008] (<span class=\"versaleta\"><em>docv<\/em><\/span> n\u00fam. 5.926, de 05.01.2009)\n<p><a href=\"http:\/\/www.pre.gva.es\/L\/BASIS\/BDLGVPU\/WEB\/LEV_LISTADOS_TEXTO\/DDW?W=SIGNATURA_N=68+AND+SIGNATURA_A=2009&#038;R=N\" target=\"_blank\">&#8211; vegeu text<\/a><\/p>\n<li>Orde de 18 de desembre de 2008, de la Conselleria d&#8217;Educaci\u00f3, per la qual es convoquen els premis de la Generalitat per a activitats de promoci\u00f3 de l&#8217;\u00fas del valenci\u00e0 en les festes de la Magdalena en l&#8217;\u00e0mbit de la Comunitat Valenciana en 2009. [2008\/15010] (<span class=\"versaleta\"><em>docv<\/em><\/span> n\u00fam. 5.926, de 05.01.2009)\n<p><a href=\"http:\/\/www.pre.gva.es\/L\/BASIS\/BDLGVPU\/WEB\/LEV_LISTADOS_TEXTO\/DDW?W=SIGNATURA_N=69+AND+SIGNATURA_A=2009&#038;R=N\" target=\"_blank\">&#8211; vegeu text<\/a>\n<\/ul>\n<\/blockquote>\n","protected":false},"excerpt":{"rendered":"<p>El cidaj ens envia la informaci\u00f3 seg\u00fcent: Orde de 18 de desembre de 2008, de la Conselleria d&#8217;Educaci\u00f3, per la qual es convoquen els premis de la Generalitat per a activitats de promoci\u00f3 de l&#8217;\u00fas del valenci\u00e0 realitzades per les comissions de falles en l&#8217;\u00e0mbit de la Comunitat Valenciana en 2009. [2008\/15008] (docv n\u00fam. 5.926, [&hellip;]<\/p>\n","protected":false},"author":2,"featured_media":0,"comment_status":"open","ping_status":"open","sticky":false,"template":"","format":"standard","meta":{"footnotes":""},"categories":[1,27,28],"tags":[199,296,380],"class_list":["post-764","post","type-post","status-publish","format-standard","hentry","category-general","category-sociolinguistica","category-subvencions","tag-falles","tag-magdalena","tag-premis"],"_links":{"self":[{"href":"https:\/\/www.cdlpv.org\/dtl\/wp-json\/wp\/v2\/posts\/764","targetHints":{"allow":["GET"]}}],"collection":[{"href":"https:\/\/www.cdlpv.org\/dtl\/wp-json\/wp\/v2\/posts"}],"about":[{"href":"https:\/\/www.cdlpv.org\/dtl\/wp-json\/wp\/v2\/types\/post"}],"author":[{"embeddable":true,"href":"https:\/\/www.cdlpv.org\/dtl\/wp-json\/wp\/v2\/users\/2"}],"replies":[{"embeddable":true,"href":"https:\/\/www.cdlpv.org\/dtl\/wp-json\/wp\/v2\/comments?post=764"}],"version-history":[{"count":0,"href":"https:\/\/www.cdlpv.org\/dtl\/wp-json\/wp\/v2\/posts\/764\/revisions"}],"wp:attachment":[{"href":"https:\/\/www.cdlpv.org\/dtl\/wp-json\/wp\/v2\/media?parent=764"}],"wp:term":[{"taxonomy":"category","embeddable":true,"href":"https:\/\/www.cdlpv.org\/dtl\/wp-json\/wp\/v2\/categories?post=764"},{"taxonomy":"post_tag","embeddable":true,"href":"https:\/\/www.cdlpv.org\/dtl\/wp-json\/wp\/v2\/tags?post=764"}],"curies":[{"name":"wp","href":"https:\/\/api.w.org\/{rel}","templated":true}]}}