{"id":761,"date":"2009-01-07T00:02:06","date_gmt":"2009-01-06T23:02:06","guid":{"rendered":"http:\/\/www.cdlpv.org\/dtl\/?p=761"},"modified":"2009-01-07T00:02:06","modified_gmt":"2009-01-06T23:02:06","slug":"adjudicacio-de-la-segona-convocatoria-de-tecnics-de-lavl","status":"publish","type":"post","link":"https:\/\/www.cdlpv.org\/dtl\/2009\/01\/07\/adjudicacio-de-la-segona-convocatoria-de-tecnics-de-lavl\/","title":{"rendered":"Adjudicaci\u00f3 de la segona convocat\u00f2ria de t\u00e8cnics de l\u2019AVL"},"content":{"rendered":"<p>El <span class=\"versaleta\">docv<\/span> n\u00fam. 5.926 publica la resoluci\u00f3 de la segona convocat\u00f2ria de t\u00e8cnics:<\/p>\n<blockquote><p>Resoluci\u00f3 de 19 de desembre de 2008, de la Presid\u00e8ncia de l\u2019Acad\u00e8mia Valenciana de la Llengua, per la qual<br \/>\nes prove\u00efxen les vacants anunciades en la convocat\u00f2ria de concurs de m\u00e8rits 3\/2008 (Resoluci\u00f3 de 18 de setembre de<br \/>\n2008; docv n\u00fam. 5.857, de 25 de setembre). <a href=\"https:\/\/www.docv.gva.es\/portal\/portal\/2009\/01\/05\/pdf\/2008_15053.pdf\" target=\"_blank\">[pdf]<\/a><\/p><\/blockquote>\n<p>Les persones adjudicat\u00e0ries i els llocs de treball de t\u00e8cnic\/ca ling\u00fc\u00edstic\/ca (B 20 E038) s\u00f3n:<\/p>\n<blockquote>\n<ul>\n<li>Concepci\u00f3n Chuli\u00e0 Mart\u00ed: el lloc de treball n\u00famero 15\n<li>Miquel Boronat Cogollos: el lloc de treball n\u00famero 19\n<li>Josefa Mart\u00ednez Blanch: el lloc de treball n\u00famero 20\n<li>Emili Josep S\u00e1ez Aranda: el lloc de treball n\u00famero 21\n<\/ul>\n<\/blockquote>\n","protected":false},"excerpt":{"rendered":"<p>El docv n\u00fam. 5.926 publica la resoluci\u00f3 de la segona convocat\u00f2ria de t\u00e8cnics: Resoluci\u00f3 de 19 de desembre de 2008, de la Presid\u00e8ncia de l\u2019Acad\u00e8mia Valenciana de la Llengua, per la qual es prove\u00efxen les vacants anunciades en la convocat\u00f2ria de concurs de m\u00e8rits 3\/2008 (Resoluci\u00f3 de 18 de setembre de 2008; docv n\u00fam. 5.857, [&hellip;]<\/p>\n","protected":false},"author":2,"featured_media":0,"comment_status":"open","ping_status":"open","sticky":false,"template":"","format":"standard","meta":{"footnotes":""},"categories":[38,43,1,15],"tags":[475],"class_list":["post-761","post","type-post","status-publish","format-standard","hentry","category-avl","category-concursos","category-general","category-laboral","tag-tmpl"],"_links":{"self":[{"href":"https:\/\/www.cdlpv.org\/dtl\/wp-json\/wp\/v2\/posts\/761","targetHints":{"allow":["GET"]}}],"collection":[{"href":"https:\/\/www.cdlpv.org\/dtl\/wp-json\/wp\/v2\/posts"}],"about":[{"href":"https:\/\/www.cdlpv.org\/dtl\/wp-json\/wp\/v2\/types\/post"}],"author":[{"embeddable":true,"href":"https:\/\/www.cdlpv.org\/dtl\/wp-json\/wp\/v2\/users\/2"}],"replies":[{"embeddable":true,"href":"https:\/\/www.cdlpv.org\/dtl\/wp-json\/wp\/v2\/comments?post=761"}],"version-history":[{"count":0,"href":"https:\/\/www.cdlpv.org\/dtl\/wp-json\/wp\/v2\/posts\/761\/revisions"}],"wp:attachment":[{"href":"https:\/\/www.cdlpv.org\/dtl\/wp-json\/wp\/v2\/media?parent=761"}],"wp:term":[{"taxonomy":"category","embeddable":true,"href":"https:\/\/www.cdlpv.org\/dtl\/wp-json\/wp\/v2\/categories?post=761"},{"taxonomy":"post_tag","embeddable":true,"href":"https:\/\/www.cdlpv.org\/dtl\/wp-json\/wp\/v2\/tags?post=761"}],"curies":[{"name":"wp","href":"https:\/\/api.w.org\/{rel}","templated":true}]}}