{"id":76,"date":"2007-05-09T15:30:21","date_gmt":"2007-05-09T14:30:21","guid":{"rendered":"http:\/\/www.cdlpv.org\/dtl\/?p=76"},"modified":"2007-05-09T15:30:21","modified_gmt":"2007-05-09T14:30:21","slug":"avant-amb-el-valencia-a-la-unio-europea","status":"publish","type":"post","link":"https:\/\/www.cdlpv.org\/dtl\/2007\/05\/09\/avant-amb-el-valencia-a-la-unio-europea\/","title":{"rendered":"Avant amb el valenci\u00e0 a la Uni\u00f3 Europea"},"content":{"rendered":"<p>La bona del cas \u00e9s que alg\u00fa s&#8217;ha adonat que hi ha \u00abfalta de contingut\u00bb en alguns plantejaments pol\u00edtics contra el valenci\u00e0. Aix\u00f2 hauria de ser un bon principi general per als ciutadans: comprovar el contingut dels missatges i les actuacions dels dirigents pol\u00edtics. En este cas, tal com diu l&#8217;adagi del meu poble, que \u00e9s ben aplicable a esta actuaci\u00f3 de Sentandreu: \u00abD&#8217;on no n&#8217;hi ha, no se&#8217;n pot traure\u00bb. Per cert, esperem que el memor\u00e0ndum no patixca el mateix mal de falta de contingut, mal que va afectar el conseller Font de Mora Tur\u00f3n (<a href=\"http:\/\/www.cdlpv.org\/dtl\/?p=19\" target=\"_blank\">13.11.2006<\/a>) quan va silenciar la llengua a la Uni\u00f3 Europea.<\/p>\n<p>Reprodu\u00efm a continuaci\u00f3 la not\u00edcia apareguda en <a href=\"http:\/\/www.vilaweb.cat\/www\/ep\/noticia?noticia=2388220\" target=\"_blank\">Vilaweb<\/a>:<\/p>\n<blockquote>\n<h2>El Suprem rebutja el recurs de CV contra el memor\u00e1dum de sol\u00b7licitud de reconeixement a la UE de lleng\u00fces oficials<\/h2>\n<h5>VAL\u00c8NCIA, 08\/05\/2007 (EUROPA PRESS)<\/h5>\n<p>La secci\u00f3 quarta de la sala contenciosa administrativa del Tribunal Suprem (TS) ha desestimat \u00abper falta de contingut\u00bb el recurs presentat per Coalici\u00f3 Valenciana (CV) contra el memor\u00e0ndum de sol\u00b7licitud de reconeixement en la Uni\u00f3 Europea (UE) de totes les lleng\u00fces oficials d&#8217;Espanya, presentat a Brussel\u00b7les al desembre del 2004 pel ministre d&#8217;Afers Estrangers i Cooperaci\u00f3, Miguel \u00c1ngel Moratinos.<\/p>\n<p>El text del Ministeri d&#8217;Exteriors indica que en l&#8217;ordenament constitucional de l&#8217;Estat espanyol \u00abtenen el car\u00e0cter de lleng\u00fces oficials al seu territori, l&#8217;\u00e8uscar, el gallec i la llengua que es denomina catal\u00e0 a la comunitat aut\u00f2noma de Catalunya i a la de les Illes Balears i que es denomina valenci\u00e0 a la Comunitat Valenciana\u00bb.<\/p>\n<p>Coalici\u00f3 Valenciana demanava en el seu recurs que es declarara la nul\u00b7litat del memor\u00e0ndum per \u00abconculcar\u00bb l&#8217;Estatut d&#8217;Autonomia de la Comunitat Valenciana i la Constituci\u00f3 Espanyola i en defensa de la \u00absingularitat valenciana\u00bb.<\/p>\n<p>A este respecte, la sent\u00e8ncia del Tribunal Suprem declara sense contingut \u00abper manca d&#8217;objecte\u00bb el recurs, ja que en el text del Govern \u00abes reconeix l&#8217;\u00fas de les lleng\u00fces que compten amb estatut oficial en part del territori espanyol, situaci\u00f3 en qu\u00e8 es troba la llengua valenciana\u00bb.<\/p>\n<p>Tamb\u00e9 estima que el contingut del memor\u00e0ndum suposa \u00abuna simple apreciaci\u00f3 de car\u00e0cter ling\u00fc\u00edstic sense cap transcend\u00e8ncia quant a la possible creaci\u00f3 de drets subjectius o cap alteraci\u00f3 de l&#8217;ordenament jur\u00eddic vigent\u00bb i remarca que \u00abno se&#8217;n dedu\u00efx\u00bb que els dos idiomes oficials a la Comunitat Valenciana \u00abno siguen el valenci\u00e0 i el castell\u00e0\u00bb.<\/p><\/blockquote>\n","protected":false},"excerpt":{"rendered":"<p>La bona del cas \u00e9s que alg\u00fa s&#8217;ha adonat que hi ha \u00abfalta de contingut\u00bb en alguns plantejaments pol\u00edtics contra el valenci\u00e0. Aix\u00f2 hauria de ser un bon principi general per als ciutadans: comprovar el contingut dels missatges i les actuacions dels dirigents pol\u00edtics. En este cas, tal com diu l&#8217;adagi del meu poble, que [&hellip;]<\/p>\n","protected":false},"author":2,"featured_media":0,"comment_status":"open","ping_status":"open","sticky":false,"template":"","format":"standard","meta":{"footnotes":""},"categories":[4,1,47,19,35],"tags":[],"class_list":["post-76","post","type-post","status-publish","format-standard","hentry","category-dret","category-general","category-planificacio","category-politica","category-unio-europea"],"_links":{"self":[{"href":"https:\/\/www.cdlpv.org\/dtl\/wp-json\/wp\/v2\/posts\/76","targetHints":{"allow":["GET"]}}],"collection":[{"href":"https:\/\/www.cdlpv.org\/dtl\/wp-json\/wp\/v2\/posts"}],"about":[{"href":"https:\/\/www.cdlpv.org\/dtl\/wp-json\/wp\/v2\/types\/post"}],"author":[{"embeddable":true,"href":"https:\/\/www.cdlpv.org\/dtl\/wp-json\/wp\/v2\/users\/2"}],"replies":[{"embeddable":true,"href":"https:\/\/www.cdlpv.org\/dtl\/wp-json\/wp\/v2\/comments?post=76"}],"version-history":[{"count":0,"href":"https:\/\/www.cdlpv.org\/dtl\/wp-json\/wp\/v2\/posts\/76\/revisions"}],"wp:attachment":[{"href":"https:\/\/www.cdlpv.org\/dtl\/wp-json\/wp\/v2\/media?parent=76"}],"wp:term":[{"taxonomy":"category","embeddable":true,"href":"https:\/\/www.cdlpv.org\/dtl\/wp-json\/wp\/v2\/categories?post=76"},{"taxonomy":"post_tag","embeddable":true,"href":"https:\/\/www.cdlpv.org\/dtl\/wp-json\/wp\/v2\/tags?post=76"}],"curies":[{"name":"wp","href":"https:\/\/api.w.org\/{rel}","templated":true}]}}