{"id":756,"date":"2009-01-08T00:00:24","date_gmt":"2009-01-07T23:00:24","guid":{"rendered":"http:\/\/www.cdlpv.org\/dtl\/?p=756"},"modified":"2009-01-08T00:00:24","modified_gmt":"2009-01-07T23:00:24","slug":"contraplanificacio-1-centre-esportiu-cultural-abastos","status":"publish","type":"post","link":"https:\/\/www.cdlpv.org\/dtl\/2009\/01\/08\/contraplanificacio-1-centre-esportiu-cultural-abastos\/","title":{"rendered":"Contraplanificaci\u00f3 \/ 1: Centre Esportiu Cultural Abastos"},"content":{"rendered":"<p>S\u00edndic de Greuges valenci\u00e0<br \/>\nQueixa n\u00fam. 083066<\/p>\n<p>No \u00e9s la primera queixa, ni ser\u00e0 l\u2019\u00faltima segurament, relativa a la falta de coher\u00e8ncia en la gesti\u00f3 ling\u00fc\u00edstica del centre \u2014i de l\u2019Ajuntament de Val\u00e8ncia, en general\u2014, at\u00e9s que, excuses, en tenen moltes, per\u00f2 els fets s\u00f3n que tant la retolaci\u00f3 com la disponibilitat ling\u00fc\u00edstica dels empleats o la documentaci\u00f3 del centre t\u00e9 mancances peri\u00f2diques\u2026 sempre en valenci\u00e0.<\/p>\n<p>En esta ocasi\u00f3 el s\u00edndic de greuges torna a tancar la queixa perqu\u00e8 es despr\u00e9n de la resposta de l\u2019ajuntament (m\u00e9s avall) que resoldran les mancances. Caldr\u00e0 comprovar-ho.<\/p>\n<hr \/>\n<p><a title=\"Resposta de l'ajuntament de Val\u00e8ncia\"><img loading=\"lazy\" decoding=\"async\" src=\"http:\/\/www.cdlpv.org\/dtl\/wp-content\/083066-abastos.jpg\" alt=\"Queixa 083066 - Abastos\" title=\"083066-abastos\" width=\"709\" height=\"223\" class=\"size-full wp-image-742\" \/><\/a><\/p>\n","protected":false},"excerpt":{"rendered":"<p>S\u00edndic de Greuges valenci\u00e0 Queixa n\u00fam. 083066 No \u00e9s la primera queixa, ni ser\u00e0 l\u2019\u00faltima segurament, relativa a la falta de coher\u00e8ncia en la gesti\u00f3 ling\u00fc\u00edstica del centre \u2014i de l\u2019Ajuntament de Val\u00e8ncia, en general\u2014, at\u00e9s que, excuses, en tenen moltes, per\u00f2 els fets s\u00f3n que tant la retolaci\u00f3 com la disponibilitat ling\u00fc\u00edstica dels empleats [&hellip;]<\/p>\n","protected":false},"author":2,"featured_media":0,"comment_status":"open","ping_status":"open","sticky":false,"template":"","format":"standard","meta":{"footnotes":""},"categories":[3,1,47,24],"tags":[119],"class_list":["post-756","post","type-post","status-publish","format-standard","hentry","category-documentacio","category-general","category-planificacio","category-requisit-linguistic","tag-contraplanificacio"],"_links":{"self":[{"href":"https:\/\/www.cdlpv.org\/dtl\/wp-json\/wp\/v2\/posts\/756","targetHints":{"allow":["GET"]}}],"collection":[{"href":"https:\/\/www.cdlpv.org\/dtl\/wp-json\/wp\/v2\/posts"}],"about":[{"href":"https:\/\/www.cdlpv.org\/dtl\/wp-json\/wp\/v2\/types\/post"}],"author":[{"embeddable":true,"href":"https:\/\/www.cdlpv.org\/dtl\/wp-json\/wp\/v2\/users\/2"}],"replies":[{"embeddable":true,"href":"https:\/\/www.cdlpv.org\/dtl\/wp-json\/wp\/v2\/comments?post=756"}],"version-history":[{"count":0,"href":"https:\/\/www.cdlpv.org\/dtl\/wp-json\/wp\/v2\/posts\/756\/revisions"}],"wp:attachment":[{"href":"https:\/\/www.cdlpv.org\/dtl\/wp-json\/wp\/v2\/media?parent=756"}],"wp:term":[{"taxonomy":"category","embeddable":true,"href":"https:\/\/www.cdlpv.org\/dtl\/wp-json\/wp\/v2\/categories?post=756"},{"taxonomy":"post_tag","embeddable":true,"href":"https:\/\/www.cdlpv.org\/dtl\/wp-json\/wp\/v2\/tags?post=756"}],"curies":[{"name":"wp","href":"https:\/\/api.w.org\/{rel}","templated":true}]}}