{"id":740,"date":"2008-12-31T15:33:19","date_gmt":"2008-12-31T14:33:19","guid":{"rendered":"http:\/\/www.cdlpv.org\/dtl\/?p=729"},"modified":"2008-12-31T15:33:19","modified_gmt":"2008-12-31T14:33:19","slug":"ajudes-de-lavl-a-lexterior-i-en-els-mitjans","status":"publish","type":"post","link":"https:\/\/www.cdlpv.org\/dtl\/2008\/12\/31\/ajudes-de-lavl-a-lexterior-i-en-els-mitjans\/","title":{"rendered":"Ajudes de l&#8217;AVL a l&#8217;exterior i en els mitjans"},"content":{"rendered":"<p>El <span class=\"versaleta\">cidaj<\/span> ens envia la informaci\u00f3 seg\u00fcent:<\/p>\n<blockquote>\n<ul>\n<li>Resoluci\u00f3 de 22 de desembre del 2008, de la Presid\u00e8ncia de l&#8217;Acad\u00e8mia Valenciana de la Llengua, per la qual es publica l&#8217;Acord de 28 de novembre del 2008, del Ple de l&#8217;Acad\u00e8mia Valenciana de la Llengua, pel qual es convoquen ajudes a la difusi\u00f3 i promoci\u00f3 del valenci\u00e0 en els centres valencians a l&#8217;exterior. [2008\/15043] (<span class=\"versaleta\">docv<\/span> n\u00fam. 5.923, de 30.12.2008)<br \/>\n<a href=\"http:\/\/www.pre.gva.es\/L\/BASIS\/BDLGVPU\/WEB\/LEV_LISTADOS_TEXTO\/DDW?W%3DSIGNATURA_N=14905+AND+SIGNATURA_A=2008%26R%3DN\" target=\"_blank\">&#8211; vegeu text<\/a>\n<\/li>\n<li>Resoluci\u00f3 de 22 de desembre del 2008, de la Presid\u00e8ncia de l&#8217;Acad\u00e8mia Valenciana de la Llengua, per la qual es publica l&#8217;Acord de 28 de novembre del 2008, del Ple de l&#8217;Acad\u00e8mia Valenciana de la Llengua, pel qual es convoquen ajudes al foment de l&#8217;\u00fas del valenci\u00e0 en les emissores locals de r\u00e0dio i en les publicacions escrites de car\u00e0cter local o comarcal, o de tem\u00e0tica especialitzada. [2008\/15044] (<span class=\"versaleta\">docv<\/span> n\u00fam. 5.923, de 30.12.2008)<br \/>\n<a href=\"http:\/\/www.pre.gva.es\/L\/BASIS\/BDLGVPU\/WEB\/LEV_LISTADOS_TEXTO\/DDW?W%3DSIGNATURA_N=14906+AND+SIGNATURA_A=2008%26R%3DN\" target=\"_blank\">&#8211; vegeu text<\/a>\n<\/li>\n<\/ul>\n<\/blockquote>\n","protected":false},"excerpt":{"rendered":"<p>El cidaj ens envia la informaci\u00f3 seg\u00fcent: Resoluci\u00f3 de 22 de desembre del 2008, de la Presid\u00e8ncia de l&#8217;Acad\u00e8mia Valenciana de la Llengua, per la qual es publica l&#8217;Acord de 28 de novembre del 2008, del Ple de l&#8217;Acad\u00e8mia Valenciana de la Llengua, pel qual es convoquen ajudes a la difusi\u00f3 i promoci\u00f3 del valenci\u00e0 [&hellip;]<\/p>\n","protected":false},"author":2,"featured_media":0,"comment_status":"open","ping_status":"open","sticky":false,"template":"","format":"standard","meta":{"footnotes":""},"categories":[38,1,28],"tags":[51],"class_list":["post-740","post","type-post","status-publish","format-standard","hentry","category-avl","category-general","category-subvencions","tag-ajudes"],"_links":{"self":[{"href":"https:\/\/www.cdlpv.org\/dtl\/wp-json\/wp\/v2\/posts\/740","targetHints":{"allow":["GET"]}}],"collection":[{"href":"https:\/\/www.cdlpv.org\/dtl\/wp-json\/wp\/v2\/posts"}],"about":[{"href":"https:\/\/www.cdlpv.org\/dtl\/wp-json\/wp\/v2\/types\/post"}],"author":[{"embeddable":true,"href":"https:\/\/www.cdlpv.org\/dtl\/wp-json\/wp\/v2\/users\/2"}],"replies":[{"embeddable":true,"href":"https:\/\/www.cdlpv.org\/dtl\/wp-json\/wp\/v2\/comments?post=740"}],"version-history":[{"count":0,"href":"https:\/\/www.cdlpv.org\/dtl\/wp-json\/wp\/v2\/posts\/740\/revisions"}],"wp:attachment":[{"href":"https:\/\/www.cdlpv.org\/dtl\/wp-json\/wp\/v2\/media?parent=740"}],"wp:term":[{"taxonomy":"category","embeddable":true,"href":"https:\/\/www.cdlpv.org\/dtl\/wp-json\/wp\/v2\/categories?post=740"},{"taxonomy":"post_tag","embeddable":true,"href":"https:\/\/www.cdlpv.org\/dtl\/wp-json\/wp\/v2\/tags?post=740"}],"curies":[{"name":"wp","href":"https:\/\/api.w.org\/{rel}","templated":true}]}}