{"id":737,"date":"2008-12-29T11:09:31","date_gmt":"2008-12-29T10:09:31","guid":{"rendered":"http:\/\/www.cdlpv.org\/dtl\/?p=724"},"modified":"2008-12-29T11:09:31","modified_gmt":"2008-12-29T10:09:31","slug":"jqcv-grau-mitja-i-mitjans-de-comunicacio","status":"publish","type":"post","link":"https:\/\/www.cdlpv.org\/dtl\/2008\/12\/29\/jqcv-grau-mitja-i-mitjans-de-comunicacio\/","title":{"rendered":"JQCV: grau mitj\u00e0 i mitjans de comunicaci\u00f3"},"content":{"rendered":"<p>El <span class=\"versaleta\">cidaj<\/span> ens envia la informaci\u00f3 seg\u00fcent:<\/p>\n<blockquote><p>\nResoluci\u00f3 de 17 de desembre de 2008, de la presidenta de la Junta Qualificadora de Coneixements de Valenci\u00e0, per la qual es fan p\u00fabliques les llistes de resultats provisionals de la prova de grau mitj\u00e0 de coneixements de valenci\u00e0 i de capacitaci\u00f3 t\u00e8cnica: llenguatge als mitjans de comunicaci\u00f3. [2008\/14820] (<span class=\"versaleta\"><em>docv<\/em><\/span> n\u00fam. 5.921, de 26.12.2008)<br \/>\n<a href=\"http:\/\/www.pre.gva.es\/L\/BASIS\/BDLGVPU\/WEB\/LEV_LISTADOS_TEXTO\/DDW?W%3DSIGNATURA_N=14853+AND+SIGNATURA_A=2008%26R%3DN\" target=\"_blank\">&#8211; vegeu text<\/a>\n<\/p><\/blockquote>\n","protected":false},"excerpt":{"rendered":"<p>El cidaj ens envia la informaci\u00f3 seg\u00fcent: Resoluci\u00f3 de 17 de desembre de 2008, de la presidenta de la Junta Qualificadora de Coneixements de Valenci\u00e0, per la qual es fan p\u00fabliques les llistes de resultats provisionals de la prova de grau mitj\u00e0 de coneixements de valenci\u00e0 i de capacitaci\u00f3 t\u00e8cnica: llenguatge als mitjans de comunicaci\u00f3. [&hellip;]<\/p>\n","protected":false},"author":2,"featured_media":0,"comment_status":"open","ping_status":"open","sticky":false,"template":"","format":"standard","meta":{"footnotes":""},"categories":[10,1,13],"tags":[197,311,313],"class_list":["post-737","post","type-post","status-publish","format-standard","hentry","category-formacio","category-general","category-jqcv","tag-examens","tag-mitja","tag-mitjans-de-comunicacio"],"_links":{"self":[{"href":"https:\/\/www.cdlpv.org\/dtl\/wp-json\/wp\/v2\/posts\/737","targetHints":{"allow":["GET"]}}],"collection":[{"href":"https:\/\/www.cdlpv.org\/dtl\/wp-json\/wp\/v2\/posts"}],"about":[{"href":"https:\/\/www.cdlpv.org\/dtl\/wp-json\/wp\/v2\/types\/post"}],"author":[{"embeddable":true,"href":"https:\/\/www.cdlpv.org\/dtl\/wp-json\/wp\/v2\/users\/2"}],"replies":[{"embeddable":true,"href":"https:\/\/www.cdlpv.org\/dtl\/wp-json\/wp\/v2\/comments?post=737"}],"version-history":[{"count":0,"href":"https:\/\/www.cdlpv.org\/dtl\/wp-json\/wp\/v2\/posts\/737\/revisions"}],"wp:attachment":[{"href":"https:\/\/www.cdlpv.org\/dtl\/wp-json\/wp\/v2\/media?parent=737"}],"wp:term":[{"taxonomy":"category","embeddable":true,"href":"https:\/\/www.cdlpv.org\/dtl\/wp-json\/wp\/v2\/categories?post=737"},{"taxonomy":"post_tag","embeddable":true,"href":"https:\/\/www.cdlpv.org\/dtl\/wp-json\/wp\/v2\/tags?post=737"}],"curies":[{"name":"wp","href":"https:\/\/api.w.org\/{rel}","templated":true}]}}