{"id":734,"date":"2008-12-25T00:54:02","date_gmt":"2008-12-24T23:54:02","guid":{"rendered":"http:\/\/www.cdlpv.org\/dtl\/?p=721"},"modified":"2008-12-25T00:54:02","modified_gmt":"2008-12-24T23:54:02","slug":"el-tsj-valencia-valida-la-pretensio-censora-de-francisco-camps","status":"publish","type":"post","link":"https:\/\/www.cdlpv.org\/dtl\/2008\/12\/25\/el-tsj-valencia-valida-la-pretensio-censora-de-francisco-camps\/","title":{"rendered":"El TSJ valenci\u00e0 valida l&#8217;activitat censora de Francisco Camps"},"content":{"rendered":"<p>Ens assabentem d&#8217;una nova sent\u00e8ncia del <span class=\"versaleta\">tsj<\/span> valenci\u00e0 que, \u00e9s clar, deu ser possible, tot i que mal explicable, tenint en compte el panorama televisiu. Segons l&#8217;<em>Avui<\/em> <a href=\"http:\/\/www.avui.cat\/cultura_comunicacio\/detail.php?id=49790\" target=\"_blank\">(23.12.2008)<\/a>:<\/p>\n<blockquote>\n<h2>Acci\u00f3 Cultural recorrer\u00e0 al Suprem la sent\u00e8ncia favorable al tancament de TV3 al Pa\u00eds Valenci\u00e0<\/h2>\n<h3>El Tribunal Superior de Just\u00edcia valenci\u00e0 avala la decisi\u00f3 del govern de Francisco Camps de tancar tres repetidors de la televisi\u00f3 catalana<\/h3>\n<\/blockquote>\n<p>Esperem que les altes inst\u00e0ncies acaben resolent el judici quan les inst\u00e0ncies pol\u00edtiques hagen declarat i lamentat menys i fet m\u00e9s, principalment pel cant\u00f3 del govern de l&#8217;estat i del <span class=\"versaleta\">psoe<\/span>, que \u00e9s qui d\u00f3na les excuses f\u00e0cils a l&#8217;actuaci\u00f3 dels censors valencians.<\/p>\n","protected":false},"excerpt":{"rendered":"<p>Ens assabentem d&#8217;una nova sent\u00e8ncia del tsj valenci\u00e0 que, \u00e9s clar, deu ser possible, tot i que mal explicable, tenint en compte el panorama televisiu. Segons l&#8217;Avui (23.12.2008): Acci\u00f3 Cultural recorrer\u00e0 al Suprem la sent\u00e8ncia favorable al tancament de TV3 al Pa\u00eds Valenci\u00e0 El Tribunal Superior de Just\u00edcia valenci\u00e0 avala la decisi\u00f3 del govern de [&hellip;]<\/p>\n","protected":false},"author":2,"featured_media":0,"comment_status":"open","ping_status":"open","sticky":false,"template":"","format":"standard","meta":{"footnotes":""},"categories":[36,2,14,34],"tags":[485],"class_list":["post-734","post","type-post","status-publish","format-standard","hentry","category-allofobia","category-comunicacio","category-jurisprudencia","category-tv3","tag-tsj"],"_links":{"self":[{"href":"https:\/\/www.cdlpv.org\/dtl\/wp-json\/wp\/v2\/posts\/734","targetHints":{"allow":["GET"]}}],"collection":[{"href":"https:\/\/www.cdlpv.org\/dtl\/wp-json\/wp\/v2\/posts"}],"about":[{"href":"https:\/\/www.cdlpv.org\/dtl\/wp-json\/wp\/v2\/types\/post"}],"author":[{"embeddable":true,"href":"https:\/\/www.cdlpv.org\/dtl\/wp-json\/wp\/v2\/users\/2"}],"replies":[{"embeddable":true,"href":"https:\/\/www.cdlpv.org\/dtl\/wp-json\/wp\/v2\/comments?post=734"}],"version-history":[{"count":0,"href":"https:\/\/www.cdlpv.org\/dtl\/wp-json\/wp\/v2\/posts\/734\/revisions"}],"wp:attachment":[{"href":"https:\/\/www.cdlpv.org\/dtl\/wp-json\/wp\/v2\/media?parent=734"}],"wp:term":[{"taxonomy":"category","embeddable":true,"href":"https:\/\/www.cdlpv.org\/dtl\/wp-json\/wp\/v2\/categories?post=734"},{"taxonomy":"post_tag","embeddable":true,"href":"https:\/\/www.cdlpv.org\/dtl\/wp-json\/wp\/v2\/tags?post=734"}],"curies":[{"name":"wp","href":"https:\/\/api.w.org\/{rel}","templated":true}]}}