{"id":72,"date":"2007-05-03T15:46:42","date_gmt":"2007-05-03T14:46:42","guid":{"rendered":"http:\/\/www.cdlpv.org\/dtl\/?p=72"},"modified":"2007-05-03T15:46:42","modified_gmt":"2007-05-03T14:46:42","slug":"el-requisit-linguistic-en-el-dni","status":"publish","type":"post","link":"https:\/\/www.cdlpv.org\/dtl\/2007\/05\/03\/el-requisit-linguistic-en-el-dni\/","title":{"rendered":"El requisit ling\u00fc\u00edstic en el DNI"},"content":{"rendered":"<p>No \u00e9s tan dif\u00edcil com sembla mantindre la normalitat i la paci\u00e8ncia, per\u00f2 hi ha funcionaris i funcion\u00e0ries que ho fan dif\u00edcil i que fan m\u00e8rits perqu\u00e8 els canvien de faena simplement per incompetents i per actuar sempre contra els interessos dels ciutadans. Tant se val que tinguen benefici o \u00fanicament ofici, convindria que, com a m\u00ednim, els enviaren a classes de rep\u00e0s democr\u00e0tic. Diu la not\u00edcia del diari <a href=\"http:\/\/paper.avui.cat\/article\/societat\/73251\/li\/canvien\/nom\/castella\/renovar\/dni\/vilareal.html\" target=\"_blank\"><em>Avui<\/em><\/a> (03.05.2007 dj.):<\/p>\n<blockquote>\n<h2>Li canvien el nom al castell\u00e0 en renovar el DNI a Vila-real<\/h2>\n<h3>Un funcionari policial no respecta que un ve\u00ed de la poblaci\u00f3 t\u00e9 el nom en catal\u00e0 des de l&#8217;any 1977 | L&#8217;afectat denuncia el cas davant la regidoria de Normalitzaci\u00f3 Ling\u00fc\u00edstica<\/h3>\n<h5>Ester Pinter<\/h5>\n<p>Josep Pasqual Broch Do\u00f1ate va entrar fa uns mesos a la comissaria del Cos Nacional de Policia de Vila-real a renovar-hi el DNI i en va sortir dient-se Jos\u00e9 Pascual Broch Do\u00f1ate. L&#8217;equip de funcionaris dependents del ministeri de l&#8217;Interior que el van atendre van decidir, unilateralment, canviar-li el nom al castell\u00e0 tot obviant la validesa del DNI anterior, on apareixia en catal\u00e0.<\/p>\n<p>Segons Broch, en remarcar-los que tenia el nom en valenci\u00e0 des que se&#8217;l va canviar legalment el mar\u00e7 del 1977 i exigir-los mantenir-lo aix\u00ed, un dels funcionaris li va etzibar que &#8220;abans les lleis eren molt permissives&#8221;.<\/p>\n<p>En recollir uns dies despr\u00e9s el DNI i comprovar que efectivament li havien canviat el nom va rec\u00f3rrer a la regidoria de Normalitzaci\u00f3 Ling\u00fc\u00edstica de l&#8217;Ajuntament de Vila-real. Ahir el responsable d&#8217;aquesta \u00e0rea, el regidor del Bloc Nacionalista Valenci\u00e0 Pasqual Batalla, va denunciar p\u00fablicament els fets, que va qualificar d'&#8221;esperp\u00e8ntics&#8221;, i va informar que a m\u00e9s de facilitar a Broch informaci\u00f3 perqu\u00e8 recorri a la just\u00edcia, a trav\u00e9s dels diputats del Bloc Nacionalista Gallec al Congr\u00e9s de Diputats faran arribar una pregunta sobre aquesta q\u00fcesti\u00f3 al ministre d&#8217;Interior.<\/p>\n<p>Batalla va considerar que &#8220;s&#8217;ha alterat la identitat m\u00e9s elemental de Broch&#8221; i es va preguntar si tamb\u00e9 s&#8217;han donat casos de traducci\u00f3 &#8220;autom\u00e0tica&#8221; del nom en el sentit ling\u00fc\u00edstic invers. Des de la regidoria tamb\u00e9 adre\u00e7aran un escrit a l&#8217;equip de funcionaris de la Policia Nacional amb la legislaci\u00f3 en mat\u00e8ria ling\u00fc\u00edstica que empara la ciutadania i un altre a l&#8217;Acad\u00e8mia Valenciana de la Llengua &#8220;perqu\u00e8 conegui els fets i treballi perqu\u00e8 no es repeteixin&#8221;, va dir Batalla.<\/p>\n<p><strong>Trenta anys en catal\u00e0<\/strong><\/p>\n<p>Broch va decidir traduir-se el nom al valenci\u00e0 dos mesos despr\u00e9s que entr\u00e9s en vigor la llei 17\/1977, de 4 de gener, per la qual es permetia la inscripci\u00f3 dels noms en qualsevol de les lleng\u00fces de l&#8217;Estat. Fins a aquell moment l&#8217;\u00fanica llengua permesa al Registre Civil per als noms de persona era el castell\u00e0. Una modificaci\u00f3 posterior, del 1994, va establir que es pot posar qualsevol nom en qualsevol de les lleng\u00fces del m\u00f3n, tret dels casos de noms ofensius o que perjudiquin la persona.<\/p>\n<p>Batalla va apuntar a m\u00e9s que hi ha drets b\u00e0sics, com ara anar a votar, que se li veuen dificultats &#8220;perqu\u00e8 al cens electoral ell \u00e9s Josep Pasqual i no l&#8217;altre nom que li han imposat, i aix\u00f2 ho haur\u00e0 de demostrar&#8221;.\n<\/p><\/blockquote>\n<hr \/>\n<\/hr>\n<p>&mdash;<a href=\"http:\/\/www.geocities.com\/asensi.geo\/Legis\/Arxius\/DNIval.htm\" target=\"_blank\">Vegeu<\/a> algunes dades m\u00e9s sobre el DNI.<\/p>\n","protected":false},"excerpt":{"rendered":"<p>No \u00e9s tan dif\u00edcil com sembla mantindre la normalitat i la paci\u00e8ncia, per\u00f2 hi ha funcionaris i funcion\u00e0ries que ho fan dif\u00edcil i que fan m\u00e8rits perqu\u00e8 els canvien de faena simplement per incompetents i per actuar sempre contra els interessos dels ciutadans. Tant se val que tinguen benefici o \u00fanicament ofici, convindria que, com [&hellip;]<\/p>\n","protected":false},"author":2,"featured_media":0,"comment_status":"open","ping_status":"open","sticky":false,"template":"","format":"standard","meta":{"footnotes":""},"categories":[4,1,19,24],"tags":[],"class_list":["post-72","post","type-post","status-publish","format-standard","hentry","category-dret","category-general","category-politica","category-requisit-linguistic"],"_links":{"self":[{"href":"https:\/\/www.cdlpv.org\/dtl\/wp-json\/wp\/v2\/posts\/72","targetHints":{"allow":["GET"]}}],"collection":[{"href":"https:\/\/www.cdlpv.org\/dtl\/wp-json\/wp\/v2\/posts"}],"about":[{"href":"https:\/\/www.cdlpv.org\/dtl\/wp-json\/wp\/v2\/types\/post"}],"author":[{"embeddable":true,"href":"https:\/\/www.cdlpv.org\/dtl\/wp-json\/wp\/v2\/users\/2"}],"replies":[{"embeddable":true,"href":"https:\/\/www.cdlpv.org\/dtl\/wp-json\/wp\/v2\/comments?post=72"}],"version-history":[{"count":0,"href":"https:\/\/www.cdlpv.org\/dtl\/wp-json\/wp\/v2\/posts\/72\/revisions"}],"wp:attachment":[{"href":"https:\/\/www.cdlpv.org\/dtl\/wp-json\/wp\/v2\/media?parent=72"}],"wp:term":[{"taxonomy":"category","embeddable":true,"href":"https:\/\/www.cdlpv.org\/dtl\/wp-json\/wp\/v2\/categories?post=72"},{"taxonomy":"post_tag","embeddable":true,"href":"https:\/\/www.cdlpv.org\/dtl\/wp-json\/wp\/v2\/tags?post=72"}],"curies":[{"name":"wp","href":"https:\/\/api.w.org\/{rel}","templated":true}]}}