{"id":702,"date":"2008-12-16T14:52:32","date_gmt":"2008-12-16T13:52:32","guid":{"rendered":"http:\/\/www.cdlpv.org\/dtl\/?p=702"},"modified":"2008-12-16T14:52:32","modified_gmt":"2008-12-16T13:52:32","slug":"iec-sis-places-temporals-de-correccio-linguistica","status":"publish","type":"post","link":"https:\/\/www.cdlpv.org\/dtl\/2008\/12\/16\/iec-sis-places-temporals-de-correccio-linguistica\/","title":{"rendered":"IEC: sis places temporals de correcci\u00f3 ling\u00fc\u00edstica"},"content":{"rendered":"<p>Marta Torres Vilatarsana ens informa a trav\u00e9s d&#8217;InfoZ\u00e8fir de l&#8217;oferta labora seg\u00fcent:<\/p>\n<blockquote><p>\nL&#8217;Institut d&#8217;Estudis Catalans acaba de convocar sis places de corrector\/a per a un contracte amb car\u00e0cter temporal (quatre mesos).<\/p>\n<p>Si hi esteu interessat\/ada, feu un clic en l&#8217;enlla\u00e7 de sota i podreu llegir la convocat\u00f2ria corresponent:<\/p>\n<p><a href=\"http:\/\/www.iec.cat\/gc\/ViewPage.action?siteNodeId=628&#038;languageId=1&#038;contentId=-1\" target=\"_blank\">Treballar a l&#8217;IEC<\/a><\/p>\n<p>Font: Unitat de Correcci\u00f3 Editorial<br \/>\nServei Editorial\n<\/p><\/blockquote>\n<p>Tamb\u00e9 podeu consultar el perfil que vol trobar l&#8217;IEC en <a href=\"http:\/\/www.iec.cat\/gc\/digitalAssets\/11882_CorreccioTextosCollaboracio.pdf\" target=\"_blank\"><span class=\"versaleta\">pdf<\/span><\/a>:<\/p>\n<blockquote>\n<h2>Col\u00b7laboracions externes de correcci\u00f3 de textos<\/h2>\n<p>L\u2019Institut d\u2019Estudis Catalans cerca correctors i correctores aut\u00f2noms per a corregir publicacions de l\u2019Institut des del punt de vista ling\u00fc\u00edstic i ortotipogr\u00e0fic.<\/p>\n<p>El perfil del corrector\/a de textos extern de l\u2019IEC \u00e9s el seg\u00fcent:<\/p>\n<ul>\n<li>\u00c9sser titulat\/ada superior, preferentment, llicenciat\/ada en filologia catalana o en traducci\u00f3 i interpretaci\u00f3 al catal\u00e0.\n<li>Haver seguit un curs de correcci\u00f3 de textos en una entitat de prestigi reconegut.\n<li>Haver obtingut el certificat de capacitaci\u00f3 per a la correcci\u00f3 de textos orals i escrits de la Generalitat de Catalunya (antic nivell K de la Junta Permanent de Catal\u00e0) o un t\u00edtol equivalent.\n<li>Tenir experi\u00e8ncia en la correcci\u00f3 de textos d\u2019especialitat, tant cient\u00edfics com human\u00edstics.\n<li>Estar donat d\u2019alta al r\u00e8gim especial dels treballadors aut\u00f2noms (RETA) de la Seguretat Social.\n<\/ul>\n<p>Si voleu col\u00b7laborar externament com a corrector\/a de textos de l\u2019Institut d\u2019Estudis Catalans i teniu els requisits damunt especificats, envieu el curr\u00edculum a l\u2019adre\u00e7a electr\u00f2nica <em><a href=\"mailto:correccio.externa@iec.cat\" target=\"_blank\">correccio.externa@iec.cat<\/a>.<\/em>\n<\/p><\/blockquote>\n","protected":false},"excerpt":{"rendered":"<p>Marta Torres Vilatarsana ens informa a trav\u00e9s d&#8217;InfoZ\u00e8fir de l&#8217;oferta labora seg\u00fcent: L&#8217;Institut d&#8217;Estudis Catalans acaba de convocar sis places de corrector\/a per a un contracte amb car\u00e0cter temporal (quatre mesos). Si hi esteu interessat\/ada, feu un clic en l&#8217;enlla\u00e7 de sota i podreu llegir la convocat\u00f2ria corresponent: Treballar a l&#8217;IEC Font: Unitat de Correcci\u00f3 [&hellip;]<\/p>\n","protected":false},"author":2,"featured_media":0,"comment_status":"open","ping_status":"open","sticky":false,"template":"","format":"standard","meta":{"footnotes":""},"categories":[43,1,46,15],"tags":[122,334],"class_list":["post-702","post","type-post","status-publish","format-standard","hentry","category-concursos","category-general","category-iec","category-laboral","tag-correccio","tag-ofertes"],"_links":{"self":[{"href":"https:\/\/www.cdlpv.org\/dtl\/wp-json\/wp\/v2\/posts\/702","targetHints":{"allow":["GET"]}}],"collection":[{"href":"https:\/\/www.cdlpv.org\/dtl\/wp-json\/wp\/v2\/posts"}],"about":[{"href":"https:\/\/www.cdlpv.org\/dtl\/wp-json\/wp\/v2\/types\/post"}],"author":[{"embeddable":true,"href":"https:\/\/www.cdlpv.org\/dtl\/wp-json\/wp\/v2\/users\/2"}],"replies":[{"embeddable":true,"href":"https:\/\/www.cdlpv.org\/dtl\/wp-json\/wp\/v2\/comments?post=702"}],"version-history":[{"count":0,"href":"https:\/\/www.cdlpv.org\/dtl\/wp-json\/wp\/v2\/posts\/702\/revisions"}],"wp:attachment":[{"href":"https:\/\/www.cdlpv.org\/dtl\/wp-json\/wp\/v2\/media?parent=702"}],"wp:term":[{"taxonomy":"category","embeddable":true,"href":"https:\/\/www.cdlpv.org\/dtl\/wp-json\/wp\/v2\/categories?post=702"},{"taxonomy":"post_tag","embeddable":true,"href":"https:\/\/www.cdlpv.org\/dtl\/wp-json\/wp\/v2\/tags?post=702"}],"curies":[{"name":"wp","href":"https:\/\/api.w.org\/{rel}","templated":true}]}}