{"id":70,"date":"2007-04-30T21:05:57","date_gmt":"2007-04-30T20:05:57","guid":{"rendered":"http:\/\/www.cdlpv.org\/dtl\/?p=70"},"modified":"2007-04-30T21:05:57","modified_gmt":"2007-04-30T20:05:57","slug":"resolen-lexpedient-administratiu-que-preten-censurar-tv3","status":"publish","type":"post","link":"https:\/\/www.cdlpv.org\/dtl\/2007\/04\/30\/resolen-lexpedient-administratiu-que-preten-censurar-tv3\/","title":{"rendered":"Resolen l&#8217;expedient administratiu que pret\u00e9n censurar TV3"},"content":{"rendered":"<p>Els dirigents del PP valenci\u00e0 han agilitat els tr\u00e0mits per a complir la seua amane\u00e7a de tancament de l&#8217;espai comunicatiu del Pa\u00eds Valenci\u00e0. \u00c9s a dir, amenacen els mitjans de comunicaci\u00f3 que no controlen, posen entrebancs a la difusi\u00f3 de la llengua entre els pa\u00efsos que la compartixen, coarten amb expedients administratius la llibertat d&#8217;expressi\u00f3 i  d&#8217;informaci\u00f3, i tot aix\u00f2 sense protegir cap altre b\u00e9 p\u00fablic.<\/p>\n<p>De fet, prevertixen el poder p\u00fablic en favor d&#8217;amics ideol\u00f2gics i de negocis audiovisuals particulars: a m\u00e9s d&#8217;atemptar contra els valencians que s&#8217;informen a trav\u00e9s de la TV3, fan boicot als mitjans del grup Prisa, anul\u00b7len programes en Canal 9 si hi apareix la candidata socialista Carmen Alborch (<em>Encontres<\/em>), deneguen la llic\u00e8ncia digital per a InfoTV&#8230; S\u00ed, i tamb\u00e9 volien evitar que es difonguera en espais p\u00fablics els documentals de <em>Ja en tenim prou<\/em>. B\u00e9, certament, no tots s\u00f3n obres mestres, per\u00f2, m\u00e9s que prou, en tenim massa!<\/p>\n<p>Segons podem llegir en <a href=\"http:\/\/www.vilaweb.cat\/www\/ep\/noticia?noticia=2376910\" target=\"_blank\">Vilaweb<\/a>:<\/p>\n<blockquote>\n<h2>La Generalitat acorda sancionar amb 300.000 euros a ACPV i tancar els repetidors de TV-3 a les tres prov\u00edncies<\/h2>\n<h5>VAL\u00c8NCIA, 30\/04\/2007 15:23 (EUROPA PRESS)<\/h5>\n<p>El portaveu del Consell, Vicente Rambla, ha resolt l&#8217;expedient obert a Acci\u00f3 Cultural del Pa\u00eds Val\u00e8ncia (ACPV) per l&#8217;emissi\u00f3 de TV-3 a la Comunitat Valenciana sense llic\u00e8ncia administrativa amb una sanci\u00f3 que comporta una multa de 300.000 euros i la clausura dels tres repetidors amb qu\u00e8 compta l&#8217;entitat c\u00edvica.<\/p>\n<p>Aix\u00ed ho ha anunciat Rambla en declaracions realitzades als mitjans de comunicaci\u00f3 abans d&#8217;assistir, en qualitat de representant del Consell, al f\u00f2rum hispanoalemany que s&#8217;est\u00e0 celebrant a Val\u00e8ncia i que reunix membres de la CDU alemanya i representants espanyols del Partit Popular per a debatre sobre el paper de les regions a la UE.<\/p>\n<p>La Generalitat, que va obtindre perm\u00eds judicial per a procedir a la clausura provisional del repetidor de la Carrasqueta a Xixona, per\u00f2 no va poder executar la decisi\u00f3 divendres passat perqu\u00e8 ho van impedir manifestants, ha resolt administrativament el tancament definitiu de les instal\u00b7lacions d&#8217;ACPV a esta prov\u00edncia i tamb\u00e9 a Val\u00e8ncia, on una jutge no ho va autoritzar com a mesura cautelar, i a Castell\u00f3.<\/p>\n<p>Rambla ha precisat que el tancament &#8220;s&#8217;executar\u00e0 en el termini que legalment corresponga&#8221;, at\u00e9s que l&#8217;entitat sancionada tindr\u00e0 ara uns dies per a presentar al\u00b7legacions. &#8220;Quan acabe este procediment, haur\u00e0 d&#8217;executar-se la sanci\u00f3&#8221;, ha advertit.<\/p>\n<p>El portaveu de l&#8217;executiu valenci\u00e0 ha reiterat que tant el Govern valenci\u00e0 com el catal\u00e0 estan realitzant gestions amb l&#8217;executiu estatal per a obtindre les freq\u00fc\u00e8ncies que permeten donar cobertura a les emissions rec\u00edproques de TV-3 i Canal 9 i tamb\u00e9 satisfer &#8220;altres necessitats&#8221; de la Comunitat Valenciana. Ha subratllat en este sentit que la Generalitat est\u00e0 esperant que el Ministeri d&#8217;Ind\u00fastria aporte alguna soluci\u00f3 t\u00e8cnica.<\/p>\n<p>El representant del Consell ha insistit, d&#8217;altra banda, que la Generalitat valenciana mant\u00e9 en este assumpte la posici\u00f3 de &#8220;complir la norma&#8221; i d'&#8221;arribar a acords de col\u00b7laboraci\u00f3 i de conviv\u00e8ncia pac\u00edfica&#8221;, una cosa que contrasta, segons la seua opini\u00f3, amb l'&#8221;anarquia en la qual estan instal\u00b7lats no nom\u00e9s ACPV&#8221;, sin\u00f3 partits com Comprom\u00eds pel Pa\u00eds Valenci\u00e0 i el PSPV, &#8220;que, en un menyspreu absolut a la legalitat instal\u00b7lada, pretenen, per l&#8217;\u00fas de la for\u00e7a, evitar que s&#8217;aplique la llei&#8221;.<\/p>\n<p>Rambla ha criticat &#8220;els que, al marge de la llei i defensant una falsa llibertat d&#8217;expressi\u00f3, estan, per la for\u00e7a, impedint que es porten a terme decisions judicials&#8221; i ha assegurat que &#8220;mai&#8221; haguera imaginat que &#8220;partits pol\u00edtics que aspiren a tindre representaci\u00f3 parlament\u00e0ria del conjunt dels valencians siguen capa\u00e7os de donar l&#8217;esquena a la llei i d&#8217;utilitzar la for\u00e7a&#8221; per a defensar el seu criteri.<\/p><\/blockquote>\n","protected":false},"excerpt":{"rendered":"<p>Els dirigents del PP valenci\u00e0 han agilitat els tr\u00e0mits per a complir la seua amane\u00e7a de tancament de l&#8217;espai comunicatiu del Pa\u00eds Valenci\u00e0. \u00c9s a dir, amenacen els mitjans de comunicaci\u00f3 que no controlen, posen entrebancs a la difusi\u00f3 de la llengua entre els pa\u00efsos que la compartixen, coarten amb expedients administratius la llibertat d&#8217;expressi\u00f3 [&hellip;]<\/p>\n","protected":false},"author":2,"featured_media":0,"comment_status":"open","ping_status":"open","sticky":false,"template":"","format":"standard","meta":{"footnotes":""},"categories":[2,4,1,34],"tags":[],"class_list":["post-70","post","type-post","status-publish","format-standard","hentry","category-comunicacio","category-dret","category-general","category-tv3"],"_links":{"self":[{"href":"https:\/\/www.cdlpv.org\/dtl\/wp-json\/wp\/v2\/posts\/70","targetHints":{"allow":["GET"]}}],"collection":[{"href":"https:\/\/www.cdlpv.org\/dtl\/wp-json\/wp\/v2\/posts"}],"about":[{"href":"https:\/\/www.cdlpv.org\/dtl\/wp-json\/wp\/v2\/types\/post"}],"author":[{"embeddable":true,"href":"https:\/\/www.cdlpv.org\/dtl\/wp-json\/wp\/v2\/users\/2"}],"replies":[{"embeddable":true,"href":"https:\/\/www.cdlpv.org\/dtl\/wp-json\/wp\/v2\/comments?post=70"}],"version-history":[{"count":0,"href":"https:\/\/www.cdlpv.org\/dtl\/wp-json\/wp\/v2\/posts\/70\/revisions"}],"wp:attachment":[{"href":"https:\/\/www.cdlpv.org\/dtl\/wp-json\/wp\/v2\/media?parent=70"}],"wp:term":[{"taxonomy":"category","embeddable":true,"href":"https:\/\/www.cdlpv.org\/dtl\/wp-json\/wp\/v2\/categories?post=70"},{"taxonomy":"post_tag","embeddable":true,"href":"https:\/\/www.cdlpv.org\/dtl\/wp-json\/wp\/v2\/tags?post=70"}],"curies":[{"name":"wp","href":"https:\/\/api.w.org\/{rel}","templated":true}]}}