{"id":7,"date":"2006-09-25T11:39:46","date_gmt":"2006-09-25T09:39:46","guid":{"rendered":"http:\/\/www.cdlpv.org\/dtl\/?p=7"},"modified":"2019-01-10T12:07:54","modified_gmt":"2019-01-10T11:07:54","slug":"carcaixent-i-dolces","status":"publish","type":"post","link":"https:\/\/www.cdlpv.org\/dtl\/2006\/09\/25\/carcaixent-i-dolces\/","title":{"rendered":"Carcaixent i dolces"},"content":{"rendered":"<p>Per fugir de les lamentacions a qu\u00e8 tan avesats estem en q\u00fcestions ling\u00fc\u00edstiques \u2014lamentacions ben fonamentades, la major part de les vegades\u2014, em congratule (ei!) d&#8217;haver penjat ja en Internet, per a gaudi dels funcionaris en general i dels t\u00e8cnics ling\u00fc\u00edstics en particular (en concret de Rub\u00e9n Cervera, t\u00e8cnic a Carcaixent), la <a href=\"http:\/\/einesdellengua.com\/Legis\/Sentencies\/STSJ765-2006.htm\">sent\u00e8ncia 765\/2006<\/a> del Tribunal Superior de Just\u00edcia valenci\u00e0.<\/p>\n<p>La sent\u00e8ncia conclou que \u00e9s del tot raonable que els funcionaris municipals hagen de complir el requisit ling\u00fc\u00edstic que s&#8217;establixca en la relaci\u00f3 de llocs de treball, sempre que tinga relaci\u00f3 amb les funcions de cada lloc de treball. Aix\u00ed, doncs, de cada lloc de treball. \u00c9s a dir, cal que la persona encarregada d&#8217;eixes funcions t\u00e8cniques ling\u00fc\u00edstiques informe sobre el perfil ling\u00fc\u00edstic de cada lloc de treball.<\/p>\n<p>Sabut aix\u00f2, haurem d&#8217;evitar les proclames gen\u00e8riques a l&#8217;hora de fer avan\u00e7ar la capacitaci\u00f3 ling\u00fc\u00edstica dels funcionaris municipals, auton\u00f2mics i estatals, perqu\u00e8 ja sabem que els tribunals no ho veuen massa clar, excepte en el cas del requisit espanyol establit en la Constituci\u00f3 espanyola.<\/p>\n","protected":false},"excerpt":{"rendered":"<p>Per fugir de les lamentacions a qu\u00e8 tan avesats estem en q\u00fcestions ling\u00fc\u00edstiques \u2014lamentacions ben fonamentades, la major part de les vegades\u2014, em congratule (ei!) d&#8217;haver penjat ja en Internet, per a gaudi dels funcionaris en general i dels t\u00e8cnics ling\u00fc\u00edstics en particular (en concret de Rub\u00e9n Cervera, t\u00e8cnic a Carcaixent), la sent\u00e8ncia 765\/2006 del [&hellip;]<\/p>\n","protected":false},"author":2,"featured_media":0,"comment_status":"open","ping_status":"open","sticky":false,"template":"","format":"standard","meta":{"footnotes":""},"categories":[1],"tags":[88],"class_list":["post-7","post","type-post","status-publish","format-standard","hentry","category-general","tag-carcaixent"],"_links":{"self":[{"href":"https:\/\/www.cdlpv.org\/dtl\/wp-json\/wp\/v2\/posts\/7","targetHints":{"allow":["GET"]}}],"collection":[{"href":"https:\/\/www.cdlpv.org\/dtl\/wp-json\/wp\/v2\/posts"}],"about":[{"href":"https:\/\/www.cdlpv.org\/dtl\/wp-json\/wp\/v2\/types\/post"}],"author":[{"embeddable":true,"href":"https:\/\/www.cdlpv.org\/dtl\/wp-json\/wp\/v2\/users\/2"}],"replies":[{"embeddable":true,"href":"https:\/\/www.cdlpv.org\/dtl\/wp-json\/wp\/v2\/comments?post=7"}],"version-history":[{"count":1,"href":"https:\/\/www.cdlpv.org\/dtl\/wp-json\/wp\/v2\/posts\/7\/revisions"}],"predecessor-version":[{"id":3394,"href":"https:\/\/www.cdlpv.org\/dtl\/wp-json\/wp\/v2\/posts\/7\/revisions\/3394"}],"wp:attachment":[{"href":"https:\/\/www.cdlpv.org\/dtl\/wp-json\/wp\/v2\/media?parent=7"}],"wp:term":[{"taxonomy":"category","embeddable":true,"href":"https:\/\/www.cdlpv.org\/dtl\/wp-json\/wp\/v2\/categories?post=7"},{"taxonomy":"post_tag","embeddable":true,"href":"https:\/\/www.cdlpv.org\/dtl\/wp-json\/wp\/v2\/tags?post=7"}],"curies":[{"name":"wp","href":"https:\/\/api.w.org\/{rel}","templated":true}]}}