{"id":692,"date":"2008-12-12T09:43:41","date_gmt":"2008-12-12T08:43:41","guid":{"rendered":"http:\/\/www.cdlpv.org\/dtl\/?p=692"},"modified":"2008-12-12T09:43:41","modified_gmt":"2008-12-12T08:43:41","slug":"valoracions-de-lstepv-sobre-la-sts-que-valida-la-filologia-catalana","status":"publish","type":"post","link":"https:\/\/www.cdlpv.org\/dtl\/2008\/12\/12\/valoracions-de-lstepv-sobre-la-sts-que-valida-la-filologia-catalana\/","title":{"rendered":"Valoracions de l&#8217;STEPV sobre la STS que valida la filologia catalana"},"content":{"rendered":"<p>El company Sim\u00f3 Colomer ens ha fet arribar la informaci\u00f3 sobre la roda de premsa del sindicat <span class=\"versaleta\">stepv<\/span> arran de la STS que validava la filologia catalana per a les oposicions del Pa\u00eds Valenci\u00e0 (veg. <a href=\"http:\/\/www.cdlpv.org\/dtl\/?p=667\" target=\"_blank\"><span class=\"versaleta\"><em>dtl<\/em><\/span><\/a>, 02.12.2008). El sindicat fa un rep\u00e0s al proc\u00e9s d&#8217;acreditaci\u00f3 dels coneixements ling\u00fc\u00edstics en les oposicions per a la doc\u00e8ncia no universit\u00e0ria i, a m\u00e9s, una an\u00e0lisi de les possibles conseq\u00fc\u00e8ncies de la sent\u00e8ncia.<\/p>\n<p>En extracte, algunes de les conseq\u00fc\u00e8ncies, segons el sindicat, s\u00f3n:<\/p>\n<ul>\n<li>El Tribunal Suprem consolida el reconeixement del t\u00edtol de filologia catalana com a acreditaci\u00f3 de valenci\u00e0.\n<li>La sent\u00e8ncia recull les possibilitats no excloents entre elles de les denominacions <em>llengua valenciana<\/em> i <em>llengua catalana<\/em>.\n<li>L\u2019exclusi\u00f3 del t\u00edtol de filologia catalana en les convocat\u00f2ries de les oposicions \u00e9s contr\u00e0ria a dret.\n<li>El tribunal condemna en costes per primera vegada la Generalitat Valenciana per esta q\u00fcesti\u00f3.\n<li>El conseller d\u2019Educaci\u00f3 pot inc\u00f3rrer en el delicte de prevaricaci\u00f3 si persistix en desobeir els manaments judicials.\n<\/ul>\n<p>Podeu llegir la nota completa en el web de l&#8217;<a href=\"http:\/\/www.intersindical.org\/stepv\/polival\/notival.htm#081203\" target=\"_blank\"><span class=\"versaleta\">stepv<\/span><\/a>.<\/p>\n<hr noShade><\/hr>\n<p>Les dos sent\u00e8ncies de Tribunal Suprem que establixen jurisprud\u00e8ncia sobre la q\u00fcesti\u00f3:<\/p>\n<ul>\n<li>Recurs 6.206\/2004 (Universitats d&#8217;Alacant i de Val\u00e8ncia) <a href='http:\/\/www.cdlpv.org\/dtl\/wp-content\/uploads\/6206-2004.pdf'><span class=\"versaleta\">[pdf]<\/span><\/a>\n<li>Recurs 5.209\/2004 (STEPV) <a href='http:\/\/www.cdlpv.org\/dtl\/wp-content\/uploads\/5209-2004.pdf'><span class=\"versaleta\">[pdf]<\/span><\/a>\n<\/ul>\n","protected":false},"excerpt":{"rendered":"<p>El company Sim\u00f3 Colomer ens ha fet arribar la informaci\u00f3 sobre la roda de premsa del sindicat stepv arran de la STS que validava la filologia catalana per a les oposicions del Pa\u00eds Valenci\u00e0 (veg. dtl, 02.12.2008). El sindicat fa un rep\u00e0s al proc\u00e9s d&#8217;acreditaci\u00f3 dels coneixements ling\u00fc\u00edstics en les oposicions per a la doc\u00e8ncia [&hellip;]<\/p>\n","protected":false},"author":2,"featured_media":0,"comment_status":"open","ping_status":"open","sticky":false,"template":"","format":"standard","meta":{"footnotes":""},"categories":[36,4,1,14,15,24,33],"tags":[262,449],"class_list":["post-692","post","type-post","status-publish","format-standard","hentry","category-allofobia","category-dret","category-general","category-jurisprudencia","category-laboral","category-requisit-linguistic","category-ts","tag-justicia","tag-stepv"],"_links":{"self":[{"href":"https:\/\/www.cdlpv.org\/dtl\/wp-json\/wp\/v2\/posts\/692","targetHints":{"allow":["GET"]}}],"collection":[{"href":"https:\/\/www.cdlpv.org\/dtl\/wp-json\/wp\/v2\/posts"}],"about":[{"href":"https:\/\/www.cdlpv.org\/dtl\/wp-json\/wp\/v2\/types\/post"}],"author":[{"embeddable":true,"href":"https:\/\/www.cdlpv.org\/dtl\/wp-json\/wp\/v2\/users\/2"}],"replies":[{"embeddable":true,"href":"https:\/\/www.cdlpv.org\/dtl\/wp-json\/wp\/v2\/comments?post=692"}],"version-history":[{"count":0,"href":"https:\/\/www.cdlpv.org\/dtl\/wp-json\/wp\/v2\/posts\/692\/revisions"}],"wp:attachment":[{"href":"https:\/\/www.cdlpv.org\/dtl\/wp-json\/wp\/v2\/media?parent=692"}],"wp:term":[{"taxonomy":"category","embeddable":true,"href":"https:\/\/www.cdlpv.org\/dtl\/wp-json\/wp\/v2\/categories?post=692"},{"taxonomy":"post_tag","embeddable":true,"href":"https:\/\/www.cdlpv.org\/dtl\/wp-json\/wp\/v2\/tags?post=692"}],"curies":[{"name":"wp","href":"https:\/\/api.w.org\/{rel}","templated":true}]}}