{"id":69,"date":"2007-04-30T13:16:18","date_gmt":"2007-04-30T12:16:18","guid":{"rendered":"http:\/\/www.cdlpv.org\/dtl\/?p=69"},"modified":"2007-04-30T13:16:18","modified_gmt":"2007-04-30T12:16:18","slug":"vocabulari-nautic-de-lavl","status":"publish","type":"post","link":"https:\/\/www.cdlpv.org\/dtl\/2007\/04\/30\/vocabulari-nautic-de-lavl\/","title":{"rendered":"Vocabulari n\u00e0utic de l&#8217;AVL"},"content":{"rendered":"<p>Acabe de rebre el nou <em>Vocabulari n\u00e0utic<\/em> de l&#8217;AVL. \u00c9s el segon n\u00famero d&#8217;una col\u00b7lecci\u00f3 amanosa d&#8217;obres de consulta que inclo\u00efa fins ara \u00fanicament el <em>Vocabulari jur\u00eddic<\/em>. Sembla que l&#8217;AVL s&#8217;ha pres seriosament la tasca de publicaci\u00f3 d&#8217;obres de refer\u00e8ncia popular. Esperem que hagen pres nota de les novetats del DIEC2 o del Termcat, aportacions que cal tindre en compte, tant com la coordinaci\u00f3 convergent entre les nostres institucions normatives i amb altres institucions ling\u00fc\u00edstiques de refer\u00e8ncia.<\/p>\n<p>Aix\u00ed, continuant amb les coses dels vocabularis, fent les transcripcions dels plens de les Corts valencianes relacionats amb el dret civil valenci\u00e0, vam detectar alguna errada en el <em>Vocabulari jur\u00eddic<\/em>. Per exemple, era el cas del mot castell\u00e0 <em>ganancial<\/em>, que introdu\u00efen com a nom i adjectiu (sense separaci\u00f3 d&#8217;accepcions) amb una equival\u00e8ncia en catal\u00e0 bastant inaplicable, ja que \u00abb\u00e9 de la societat de guanys\u00bb presentava problemes a l&#8217;hora de traduir, per posar un cas, \u00absociedad de gananciales\u00bb: <em>societat de b\u00e9ns de la societat de guanys<\/em>? S&#8217;havien complicat la vida en este cas, tenint en compte la m\u00e9s simple proposta <em>guany<\/em> del <em>Diccionari castell\u00e0 &#8211; catal\u00e0<\/em> de l&#8217;Enciclop\u00e8dia Catalana. I encara n&#8217;hi ha m\u00e9s coses, que repassarem a poc a poc i que esperem que aniran corregint.<\/p>\n<p>En esta ocasi\u00f3, amb el <em>Vocabulari n\u00e0utic<\/em>, obrint a l&#8217;atzar &mdash;ho promet!&mdash; llegim en l&#8217;entrada de l&#8217;adjectiu <em>hadal<\/em> la definici\u00f3 \u00abque viu en les m\u00e9s grans profunditats oceanogr\u00e0fiques\u00bb&#8230; Certament, no s\u00f3n les profunditats <em>oceanogr\u00e0fiques<\/em> sin\u00f3 <em>oce\u00e0niques<\/em>, tal com diu el <a href=\"http:\/\/dlc.iec.cat\/results.asp?txtEntrada=hadal&#038;operEntrada=0\" target=\"_blank\">DIEC2<\/a>:<\/p>\n<blockquote><p>adj. [EG] Que viu en les m\u00e9s grans profunditats oce\u00e0niques. Organisme hadal.<\/p><\/blockquote>\n<p>Com que no entenc gens en coses de la mar, espere que els qui hi tingau m\u00e9s relaci\u00f3 sapiau apreciar millor que jo els m\u00e8rits del vocabulari i que comuniqueu a l&#8217;AVL les esmenes que penseu que han d&#8217;introduir en les properes edicions. Les podeu incloure en els comentaris a esta mateixa entrada fins i tot.<\/p>\n","protected":false},"excerpt":{"rendered":"<p>Acabe de rebre el nou Vocabulari n\u00e0utic de l&#8217;AVL. \u00c9s el segon n\u00famero d&#8217;una col\u00b7lecci\u00f3 amanosa d&#8217;obres de consulta que inclo\u00efa fins ara \u00fanicament el Vocabulari jur\u00eddic. Sembla que l&#8217;AVL s&#8217;ha pres seriosament la tasca de publicaci\u00f3 d&#8217;obres de refer\u00e8ncia popular. Esperem que hagen pres nota de les novetats del DIEC2 o del Termcat, aportacions [&hellip;]<\/p>\n","protected":false},"author":2,"featured_media":0,"comment_status":"open","ping_status":"open","sticky":false,"template":"","format":"standard","meta":{"footnotes":""},"categories":[38,1,17],"tags":[],"class_list":["post-69","post","type-post","status-publish","format-standard","hentry","category-avl","category-general","category-normativa"],"_links":{"self":[{"href":"https:\/\/www.cdlpv.org\/dtl\/wp-json\/wp\/v2\/posts\/69","targetHints":{"allow":["GET"]}}],"collection":[{"href":"https:\/\/www.cdlpv.org\/dtl\/wp-json\/wp\/v2\/posts"}],"about":[{"href":"https:\/\/www.cdlpv.org\/dtl\/wp-json\/wp\/v2\/types\/post"}],"author":[{"embeddable":true,"href":"https:\/\/www.cdlpv.org\/dtl\/wp-json\/wp\/v2\/users\/2"}],"replies":[{"embeddable":true,"href":"https:\/\/www.cdlpv.org\/dtl\/wp-json\/wp\/v2\/comments?post=69"}],"version-history":[{"count":0,"href":"https:\/\/www.cdlpv.org\/dtl\/wp-json\/wp\/v2\/posts\/69\/revisions"}],"wp:attachment":[{"href":"https:\/\/www.cdlpv.org\/dtl\/wp-json\/wp\/v2\/media?parent=69"}],"wp:term":[{"taxonomy":"category","embeddable":true,"href":"https:\/\/www.cdlpv.org\/dtl\/wp-json\/wp\/v2\/categories?post=69"},{"taxonomy":"post_tag","embeddable":true,"href":"https:\/\/www.cdlpv.org\/dtl\/wp-json\/wp\/v2\/tags?post=69"}],"curies":[{"name":"wp","href":"https:\/\/api.w.org\/{rel}","templated":true}]}}