{"id":683,"date":"2008-12-09T23:03:21","date_gmt":"2008-12-09T22:03:21","guid":{"rendered":"http:\/\/www.cdlpv.org\/dtl\/?p=683"},"modified":"2008-12-09T23:03:21","modified_gmt":"2008-12-09T22:03:21","slug":"dos-places-dassessoria-linguistica-a-mallorca","status":"publish","type":"post","link":"https:\/\/www.cdlpv.org\/dtl\/2008\/12\/09\/dos-places-dassessoria-linguistica-a-mallorca\/","title":{"rendered":"Dos places d&#8217;assessoria ling\u00fc\u00edstica a Mallorca"},"content":{"rendered":"<p>Magdalena Ramon ens envia a trav\u00e9s d&#8217;InfoZ\u00e8fir la informaci\u00f3 seg\u00fcent:<\/p>\n<blockquote><p>\nEl Consorci per al Foment de la Llengua Catalana i la Projecci\u00f3 Exterior de la Cultura de les Illes Balears ( <span class=\"versaleta\">cofuc<\/span>) convoca dues places d\u2019assessor\/a ling\u00fc\u00edstic\/a a Mallorca<\/p>\n<p><b>Tipus de contracte:<\/b> laboral indefinit<\/p>\n<p><b>Retribuci\u00f3 bruta anual:<\/b> 28.917,40 \u20ac<\/p>\n<p><b>Sistema de selecci\u00f3:<\/b> concurs oposici\u00f3<\/p>\n<p><b>Titulaci\u00f3 exigida:<\/b><br \/>\n&#8211; Llicenciatura en filologia catalana, filosofia i lletres, filologia, geografia i hist\u00f2ria, filosofia, ci\u00e8ncies de l\u2019educaci\u00f3, sociologia, humanitats, traducci\u00f3 i interpretaci\u00f3 o alguna d\u2019equivalent.<br \/>\n&#8211; Els aspirants que no tenguin la llicenciatura en filologia catalana tamb\u00e9 han d\u2019acreditar el certificat de coneixements de llengua catalana corresponent al nivell D, expedit per l\u2019Escola Balear d\u2019Administraci\u00f3 P\u00fablica o expedit o homologat per la Direcci\u00f3 General de Pol\u00edtica Ling\u00fc\u00edstica (abans Junta Avaluadora de Catal\u00e0).<\/p>\n<p><b>Lloc de presentaci\u00f3 de sol\u00b7licituds i documentaci\u00f3:<\/b> seu del Consorci, carrer d\u2019Alfons el Magn\u00e0nim (abans carrer del Capit\u00e0 Salom), 29, 1r, de Palma.<\/p>\n<p><b>Data l\u00edmit de presentaci\u00f3 de sol\u00b7licituds i documentaci\u00f3:<\/b> 10 dies h\u00e0bils comptadors des de l\u2019endem\u00e0 de la publicaci\u00f3 de la convocat\u00f2ria en el <em>Butllet\u00ed Oficial de les Illes Balears.<\/em><\/p>\n<p><b>Publicaci\u00f3 de les bases:<\/b> en el tauler d\u2019anuncis del Consorci, en l\u2019adre\u00e7a <a href=\"http:\/\/www.caib.es\/govern\/sac\/fitxa.do?estua=496&#038;lang=ca&#038;codi=285827&#038;coduo=496\" target=\"_blank\"><span class=\"versaleta\">cofuc<\/span><\/a> i en el <span class=\"versaleta\"><em>boib<\/em><\/span>.<\/p>\n<p>Font: <span class=\"versaleta\">cofuc<\/span>\n<\/p><\/blockquote>\n","protected":false},"excerpt":{"rendered":"<p>Magdalena Ramon ens envia a trav\u00e9s d&#8217;InfoZ\u00e8fir la informaci\u00f3 seg\u00fcent: El Consorci per al Foment de la Llengua Catalana i la Projecci\u00f3 Exterior de la Cultura de les Illes Balears ( cofuc) convoca dues places d\u2019assessor\/a ling\u00fc\u00edstic\/a a Mallorca Tipus de contracte: laboral indefinit Retribuci\u00f3 bruta anual: 28.917,40 \u20ac Sistema de selecci\u00f3: concurs oposici\u00f3 Titulaci\u00f3 [&hellip;]<\/p>\n","protected":false},"author":2,"featured_media":0,"comment_status":"open","ping_status":"open","sticky":false,"template":"","format":"standard","meta":{"footnotes":""},"categories":[43,1,15,18],"tags":[67,298],"class_list":["post-683","post","type-post","status-publish","format-standard","hentry","category-concursos","category-general","category-laboral","category-oposicions","tag-assessorament","tag-mallorca"],"_links":{"self":[{"href":"https:\/\/www.cdlpv.org\/dtl\/wp-json\/wp\/v2\/posts\/683","targetHints":{"allow":["GET"]}}],"collection":[{"href":"https:\/\/www.cdlpv.org\/dtl\/wp-json\/wp\/v2\/posts"}],"about":[{"href":"https:\/\/www.cdlpv.org\/dtl\/wp-json\/wp\/v2\/types\/post"}],"author":[{"embeddable":true,"href":"https:\/\/www.cdlpv.org\/dtl\/wp-json\/wp\/v2\/users\/2"}],"replies":[{"embeddable":true,"href":"https:\/\/www.cdlpv.org\/dtl\/wp-json\/wp\/v2\/comments?post=683"}],"version-history":[{"count":0,"href":"https:\/\/www.cdlpv.org\/dtl\/wp-json\/wp\/v2\/posts\/683\/revisions"}],"wp:attachment":[{"href":"https:\/\/www.cdlpv.org\/dtl\/wp-json\/wp\/v2\/media?parent=683"}],"wp:term":[{"taxonomy":"category","embeddable":true,"href":"https:\/\/www.cdlpv.org\/dtl\/wp-json\/wp\/v2\/categories?post=683"},{"taxonomy":"post_tag","embeddable":true,"href":"https:\/\/www.cdlpv.org\/dtl\/wp-json\/wp\/v2\/tags?post=683"}],"curies":[{"name":"wp","href":"https:\/\/api.w.org\/{rel}","templated":true}]}}