{"id":679,"date":"2008-12-06T21:47:15","date_gmt":"2008-12-06T20:47:15","guid":{"rendered":"http:\/\/www.cdlpv.org\/dtl\/?p=679"},"modified":"2008-12-06T21:47:15","modified_gmt":"2008-12-06T20:47:15","slug":"la-llengua-i-les-reformes-estatutaries","status":"publish","type":"post","link":"https:\/\/www.cdlpv.org\/dtl\/2008\/12\/06\/la-llengua-i-les-reformes-estatutaries\/","title":{"rendered":"La llengua i les reformes estatut\u00e0ries"},"content":{"rendered":"<p>La xarxa Cruscat ens envia la informaci\u00f3 seg\u00fcent:<\/p>\n<blockquote>\n<h2>La llengua en les reformes dels estatuts d&#8217;autonomia: progressos i l\u00edmits<\/h2>\n<p>LLOC I HORARIS<\/p>\n<p>Dimarts 9 de desembre de 2008, a les 18 h<br \/>\nSala de Nicolau d&#8217;Olwer de la seu central de l&#8217;Institut d&#8217;Estudis Catalans (Carme, 47)<\/p>\n<p>CONTINGUT<\/p>\n<p>Experts en dret ling\u00fc\u00edstic analitzaran l&#8217;estat actual de la llengua pr\u00f2pia en els Estatuts d&#8217;autonomia. Durant la jornada es reflexionar\u00e0 sobre l&#8217;abast de les reformes estatut\u00e0ries recents i sobre les perspectives de canvi en la resta de territoris. La jornada pret\u00e9n obrir un f\u00f2rum de debat al voltant de la protecci\u00f3 de la llengua pr\u00f2pia i les possibles vies de col\u00b7laboraci\u00f3 en aquest \u00e0mbit.<\/p>\n<p>PROGRAMA<\/p>\n<p>PRESENTA<\/p>\n<p>F. Xavier Vila i Moreno<br \/>\nDirector de la Xarxa CRUSCAT de l&#8217;Institut d&#8217;Estudis Catalans<\/p>\n<p>MODERA<\/p>\n<p>Eva Pons<br \/>\nCap del Grup de Dret Ling\u00fc\u00edstic de la Xarxa CRUSCAT de l&#8217;Institut d&#8217;Estudis Catalans<\/p>\n<p>PONENTS<\/p>\n<p>Bartomeu Colom<br \/>\nProfessor titular de Dret administratiu de la Universitat de les Illes Balears<\/p>\n<p>Alba Nogueira<br \/>\nProfessora titular de Dret administratiu de la Universitat de Santiago de Compostel\u00b7la<\/p>\n<p>Josep Ochoa<br \/>\nProfessor titular de Dret administratiu de la Universitat d&#8217;Alacant<\/p>\n<p>I\u00f1igo Urrutia<br \/>\nProfessor doctor de Dret administratiu de la Universitat P\u00fablica del Pa\u00eds Basc<\/p>\n<p>Jaume Vernet<br \/>\nCatedr\u00e0tic de Dret constitucional de la Universitat Rovira i Virgili i membre del Consell Consultiu de la Generalitat de Catalunya<\/p>\n<p>Xarxa CRUSCAT &#8211; Institut d&#8217;Estudis Catalans<\/p>\n<p>M\u00e9s informaci\u00f3: <a href=\"http:\/\/www.demolinguistica.cat\" target=\"_blank\">www.demolinguistica.cat<\/a><br \/>\na\/e: <a href=\"mailto:cruscat@iec.cat\" target=\"_blank\">cruscat@iec.cat<\/a>\n<\/p><\/blockquote>\n","protected":false},"excerpt":{"rendered":"<p>La xarxa Cruscat ens envia la informaci\u00f3 seg\u00fcent: La llengua en les reformes dels estatuts d&#8217;autonomia: progressos i l\u00edmits LLOC I HORARIS Dimarts 9 de desembre de 2008, a les 18 h Sala de Nicolau d&#8217;Olwer de la seu central de l&#8217;Institut d&#8217;Estudis Catalans (Carme, 47) CONTINGUT Experts en dret ling\u00fc\u00edstic analitzaran l&#8217;estat actual de [&hellip;]<\/p>\n","protected":false},"author":2,"featured_media":0,"comment_status":"open","ping_status":"open","sticky":false,"template":"","format":"standard","meta":{"footnotes":""},"categories":[4,1,46],"tags":[258],"class_list":["post-679","post","type-post","status-publish","format-standard","hentry","category-dret","category-general","category-iec","tag-jornades"],"_links":{"self":[{"href":"https:\/\/www.cdlpv.org\/dtl\/wp-json\/wp\/v2\/posts\/679","targetHints":{"allow":["GET"]}}],"collection":[{"href":"https:\/\/www.cdlpv.org\/dtl\/wp-json\/wp\/v2\/posts"}],"about":[{"href":"https:\/\/www.cdlpv.org\/dtl\/wp-json\/wp\/v2\/types\/post"}],"author":[{"embeddable":true,"href":"https:\/\/www.cdlpv.org\/dtl\/wp-json\/wp\/v2\/users\/2"}],"replies":[{"embeddable":true,"href":"https:\/\/www.cdlpv.org\/dtl\/wp-json\/wp\/v2\/comments?post=679"}],"version-history":[{"count":0,"href":"https:\/\/www.cdlpv.org\/dtl\/wp-json\/wp\/v2\/posts\/679\/revisions"}],"wp:attachment":[{"href":"https:\/\/www.cdlpv.org\/dtl\/wp-json\/wp\/v2\/media?parent=679"}],"wp:term":[{"taxonomy":"category","embeddable":true,"href":"https:\/\/www.cdlpv.org\/dtl\/wp-json\/wp\/v2\/categories?post=679"},{"taxonomy":"post_tag","embeddable":true,"href":"https:\/\/www.cdlpv.org\/dtl\/wp-json\/wp\/v2\/tags?post=679"}],"curies":[{"name":"wp","href":"https:\/\/api.w.org\/{rel}","templated":true}]}}