{"id":677,"date":"2008-12-05T11:56:06","date_gmt":"2008-12-05T10:56:06","guid":{"rendered":"http:\/\/www.cdlpv.org\/dtl\/?p=677"},"modified":"2008-12-05T11:56:06","modified_gmt":"2008-12-05T10:56:06","slug":"borsa-dauxiliars-examinadors-de-les-illes-balears","status":"publish","type":"post","link":"https:\/\/www.cdlpv.org\/dtl\/2008\/12\/05\/borsa-dauxiliars-examinadors-de-les-illes-balears\/","title":{"rendered":"Borsa d&#8217;auxiliars examinadors de les Illes Balears"},"content":{"rendered":"<p>Ens informa Magdalena Ramon a trav\u00e9s de la llista InfoZ\u00e8fir de la convocat\u00f2ria seg\u00fcent:<\/p>\n<blockquote><p>\nLa Direcci\u00f3 General de Pol\u00edtica Ling\u00fc\u00edstica t\u00e9 previst convocar un concurs de m\u00e8rits per actualitzar la borsa d\u2019auxiliars examinadors. Les bases de la convocat\u00f2ria es publicaran en el <span class=\"versaleta\"><em>boib<\/em><\/span> de dissabte, dia 6 de desembre, i el termini per presentar les sol\u00b7licituds ser\u00e0 del 9 al 12 de desembre.<\/p>\n<p>Totes les persones que estiguin interessades a col\u00b7laborar com a examinadors en les properes convocat\u00f2ries de proves de la Direcci\u00f3 General de Pol\u00edtica Ling\u00fc\u00edstica han de presentar una sol\u00b7licitud, independentment que ja ho hagin fet altres vegades. No \u00e9s necessari tornar a presentar la documentaci\u00f3 aportada anteriorment.<\/p>\n<p>Trobareu m\u00e9s informaci\u00f3 a la <a href=\"http:\/\/www.caib.es\/govern\/sac\/fitxa.do?lang=ca&#038;codi=284008&#038;coduo=34\" target=\"_blank\">p\u00e0gina web<\/a> de la Direcci\u00f3 General de Pol\u00edtica Ling\u00fc\u00edstica.<\/p>\n<p>Font:<br \/>\nDirecci\u00f3 General de Pol\u00edtica Ling\u00fc\u00edstica Govern de les Illes Balears\n<\/p><\/blockquote>\n","protected":false},"excerpt":{"rendered":"<p>Ens informa Magdalena Ramon a trav\u00e9s de la llista InfoZ\u00e8fir de la convocat\u00f2ria seg\u00fcent: La Direcci\u00f3 General de Pol\u00edtica Ling\u00fc\u00edstica t\u00e9 previst convocar un concurs de m\u00e8rits per actualitzar la borsa d\u2019auxiliars examinadors. Les bases de la convocat\u00f2ria es publicaran en el boib de dissabte, dia 6 de desembre, i el termini per presentar les [&hellip;]<\/p>\n","protected":false},"author":2,"featured_media":0,"comment_status":"open","ping_status":"open","sticky":false,"template":"","format":"standard","meta":{"footnotes":""},"categories":[43,1,15],"tags":[79,240],"class_list":["post-677","post","type-post","status-publish","format-standard","hentry","category-concursos","category-general","category-laboral","tag-borses","tag-illes-balears"],"_links":{"self":[{"href":"https:\/\/www.cdlpv.org\/dtl\/wp-json\/wp\/v2\/posts\/677","targetHints":{"allow":["GET"]}}],"collection":[{"href":"https:\/\/www.cdlpv.org\/dtl\/wp-json\/wp\/v2\/posts"}],"about":[{"href":"https:\/\/www.cdlpv.org\/dtl\/wp-json\/wp\/v2\/types\/post"}],"author":[{"embeddable":true,"href":"https:\/\/www.cdlpv.org\/dtl\/wp-json\/wp\/v2\/users\/2"}],"replies":[{"embeddable":true,"href":"https:\/\/www.cdlpv.org\/dtl\/wp-json\/wp\/v2\/comments?post=677"}],"version-history":[{"count":0,"href":"https:\/\/www.cdlpv.org\/dtl\/wp-json\/wp\/v2\/posts\/677\/revisions"}],"wp:attachment":[{"href":"https:\/\/www.cdlpv.org\/dtl\/wp-json\/wp\/v2\/media?parent=677"}],"wp:term":[{"taxonomy":"category","embeddable":true,"href":"https:\/\/www.cdlpv.org\/dtl\/wp-json\/wp\/v2\/categories?post=677"},{"taxonomy":"post_tag","embeddable":true,"href":"https:\/\/www.cdlpv.org\/dtl\/wp-json\/wp\/v2\/tags?post=677"}],"curies":[{"name":"wp","href":"https:\/\/api.w.org\/{rel}","templated":true}]}}