{"id":675,"date":"2008-12-03T22:45:09","date_gmt":"2008-12-03T21:45:09","guid":{"rendered":"http:\/\/www.cdlpv.org\/dtl\/?p=675"},"modified":"2008-12-03T22:45:09","modified_gmt":"2008-12-03T21:45:09","slug":"llibres-els-estrangerismes-i-la-cursiva","status":"publish","type":"post","link":"https:\/\/www.cdlpv.org\/dtl\/2008\/12\/03\/llibres-els-estrangerismes-i-la-cursiva\/","title":{"rendered":"Llibres: els estrangerismes i la cursiva"},"content":{"rendered":"<p>Xavier Rull ens envia a trav\u00e9s d&#8217;InfoZ\u00e8fir informaci\u00f3 sobre dos novetats editorials que poden interessar els t\u00e8cnics ling\u00fc\u00edstics:<\/p>\n<blockquote>\n<p><em>Els estrangerismes en catal\u00e0. Com s\u00f3n i per qu\u00e8 en tenim. Una aproximaci\u00f3 social i ling\u00fc\u00edstica<\/em><\/p>\n<p>Autor: Xavier Rull<br \/>\nValls \/ Tarragona: Cosset\u00e0nia \/ Universitat Rovira i Virgili, 2008<\/p>\n<p>El llibre tracta sobre el fenomen dels manlleus, les q\u00fcestions ling\u00fc\u00edstiques que els afecten (adaptaci\u00f3, traducci\u00f3, pluralitzaci\u00f3, etc.) i els factors socials que hi intervenen (superposici\u00f3 cultural, ve\u00efnatge, esnobisme, etc.). \u00c9s la segona obra sobre lexicologia del mateix autor, que ja va publicar <em>La formaci\u00f3 de mots. Q\u00fcestions de normativa<\/em> (Vic: Eumo, 2004).<\/p>\n<hr noShade \/>\n<p><em>Sobre la cursiva. \u00das en els textos impresos per marcar els estrangerismes<\/em><\/p>\n<p>Autor: Pere Farrando<br \/>\nEditorial: Pag\u00e8s Editors<br \/>\nPreu: 10 euros<\/p>\n<p>Les convencions gr\u00e0fiques, que provenen de la llarga tradici\u00f3 de la impremta i l\u2019edici\u00f3, estan en mans de tota persona implicada en la publicaci\u00f3 d\u2019un text \u2014ja sigui un revisor, ja sigui l\u2019autor\u2014 perqu\u00e8 se\u2019n serveixi. La cursiva, igual com fan els altres recursos de la tipografia del text, afavoreix que s\u2019interpreti el contingut d\u2019una determinada manera i d\u00f3na ritme a la lectura continuada. Per aprofundir en una de les seves especialitats, la identificaci\u00f3 dels estrangerismes, tan variada i subjectiva, desenvolupem la doctrina de Josep M. Pujol i Joan Sol\u00e0, valorem els materials de consulta i prenem en consideraci\u00f3 la terminologia normalitzada.\n<\/p><\/blockquote>\n","protected":false},"excerpt":{"rendered":"<p>Xavier Rull ens envia a trav\u00e9s d&#8217;InfoZ\u00e8fir informaci\u00f3 sobre dos novetats editorials que poden interessar els t\u00e8cnics ling\u00fc\u00edstics: Els estrangerismes en catal\u00e0. Com s\u00f3n i per qu\u00e8 en tenim. Una aproximaci\u00f3 social i ling\u00fc\u00edstica Autor: Xavier Rull Valls \/ Tarragona: Cosset\u00e0nia \/ Universitat Rovira i Virgili, 2008 El llibre tracta sobre el fenomen dels manlleus, [&hellip;]<\/p>\n","protected":false},"author":2,"featured_media":0,"comment_status":"open","ping_status":"open","sticky":false,"template":"","format":"standard","meta":{"footnotes":""},"categories":[2,5,10,1,17],"tags":[130,134,163,194,291,362,520],"class_list":["post-675","post","type-post","status-publish","format-standard","hentry","category-comunicacio","category-edicio","category-formacio","category-general","category-normativa","tag-criteris","tag-cursiva","tag-editorials","tag-estrangerismes","tag-llibres","tag-pere-farrando","tag-xavier-rull"],"_links":{"self":[{"href":"https:\/\/www.cdlpv.org\/dtl\/wp-json\/wp\/v2\/posts\/675","targetHints":{"allow":["GET"]}}],"collection":[{"href":"https:\/\/www.cdlpv.org\/dtl\/wp-json\/wp\/v2\/posts"}],"about":[{"href":"https:\/\/www.cdlpv.org\/dtl\/wp-json\/wp\/v2\/types\/post"}],"author":[{"embeddable":true,"href":"https:\/\/www.cdlpv.org\/dtl\/wp-json\/wp\/v2\/users\/2"}],"replies":[{"embeddable":true,"href":"https:\/\/www.cdlpv.org\/dtl\/wp-json\/wp\/v2\/comments?post=675"}],"version-history":[{"count":0,"href":"https:\/\/www.cdlpv.org\/dtl\/wp-json\/wp\/v2\/posts\/675\/revisions"}],"wp:attachment":[{"href":"https:\/\/www.cdlpv.org\/dtl\/wp-json\/wp\/v2\/media?parent=675"}],"wp:term":[{"taxonomy":"category","embeddable":true,"href":"https:\/\/www.cdlpv.org\/dtl\/wp-json\/wp\/v2\/categories?post=675"},{"taxonomy":"post_tag","embeddable":true,"href":"https:\/\/www.cdlpv.org\/dtl\/wp-json\/wp\/v2\/tags?post=675"}],"curies":[{"name":"wp","href":"https:\/\/api.w.org\/{rel}","templated":true}]}}