{"id":667,"date":"2008-12-02T20:06:09","date_gmt":"2008-12-02T19:06:09","guid":{"rendered":"http:\/\/www.cdlpv.org\/dtl\/?p=667"},"modified":"2008-12-02T20:06:09","modified_gmt":"2008-12-02T19:06:09","slug":"el-tribunal-suprem-espanyol-valida-de-nou-la-filologia-catalana","status":"publish","type":"post","link":"https:\/\/www.cdlpv.org\/dtl\/2008\/12\/02\/el-tribunal-suprem-espanyol-valida-de-nou-la-filologia-catalana\/","title":{"rendered":"El Tribunal Suprem espanyol valida de nou la filologia catalana"},"content":{"rendered":"<p>El Tribunal Suprem espanyol ha dictat una sent\u00e8ncia que resol de nou la validesa de la titulaci\u00f3 de filologia catalana per a acreditar els coneixements de llengua en les oposicions valencianes, segons hem pogut llegir en <em>Vilaweb<\/em> <a href=\"http:\/\/www.vilaweb.cat\/www\/noticia?p_idcmp=3096886\" target=\"_blank\">(02.12.2008)<\/a>.<\/p>\n<p>Esta sent\u00e8ncia es suma a la quinzena de sent\u00e8ncies en el mateix sentit dictades pel <span class=\"versaleta\">tsj<\/span> valenci\u00e0, <a href=\"http:\/\/www.cdlpv.org\/dtl\/?p=425\" target=\"_blank\"><span class=\"versaleta\">(<em>dtl,<\/em> 02.07.2008)<\/span><\/a> i a altres dos anteriors del constitucional i suprem espanyols.<\/p>\n","protected":false},"excerpt":{"rendered":"<p>El Tribunal Suprem espanyol ha dictat una sent\u00e8ncia que resol de nou la validesa de la titulaci\u00f3 de filologia catalana per a acreditar els coneixements de llengua en les oposicions valencianes, segons hem pogut llegir en Vilaweb (02.12.2008). Esta sent\u00e8ncia es suma a la quinzena de sent\u00e8ncies en el mateix sentit dictades pel tsj valenci\u00e0, [&hellip;]<\/p>\n","protected":false},"author":2,"featured_media":0,"comment_status":"open","ping_status":"open","sticky":false,"template":"","format":"standard","meta":{"footnotes":""},"categories":[36,43,1,14,15,33],"tags":[203,435],"class_list":["post-667","post","type-post","status-publish","format-standard","hentry","category-allofobia","category-concursos","category-general","category-jurisprudencia","category-laboral","category-ts","tag-filologia-catalana","tag-sentencies"],"_links":{"self":[{"href":"https:\/\/www.cdlpv.org\/dtl\/wp-json\/wp\/v2\/posts\/667","targetHints":{"allow":["GET"]}}],"collection":[{"href":"https:\/\/www.cdlpv.org\/dtl\/wp-json\/wp\/v2\/posts"}],"about":[{"href":"https:\/\/www.cdlpv.org\/dtl\/wp-json\/wp\/v2\/types\/post"}],"author":[{"embeddable":true,"href":"https:\/\/www.cdlpv.org\/dtl\/wp-json\/wp\/v2\/users\/2"}],"replies":[{"embeddable":true,"href":"https:\/\/www.cdlpv.org\/dtl\/wp-json\/wp\/v2\/comments?post=667"}],"version-history":[{"count":0,"href":"https:\/\/www.cdlpv.org\/dtl\/wp-json\/wp\/v2\/posts\/667\/revisions"}],"wp:attachment":[{"href":"https:\/\/www.cdlpv.org\/dtl\/wp-json\/wp\/v2\/media?parent=667"}],"wp:term":[{"taxonomy":"category","embeddable":true,"href":"https:\/\/www.cdlpv.org\/dtl\/wp-json\/wp\/v2\/categories?post=667"},{"taxonomy":"post_tag","embeddable":true,"href":"https:\/\/www.cdlpv.org\/dtl\/wp-json\/wp\/v2\/tags?post=667"}],"curies":[{"name":"wp","href":"https:\/\/api.w.org\/{rel}","templated":true}]}}