{"id":66,"date":"2007-04-30T08:49:36","date_gmt":"2007-04-30T07:49:36","guid":{"rendered":"http:\/\/www.cdlpv.org\/dtl\/?p=66"},"modified":"2007-04-30T08:49:36","modified_gmt":"2007-04-30T07:49:36","slug":"els-autobusos-de-palma-atenen-en-catala","status":"publish","type":"post","link":"https:\/\/www.cdlpv.org\/dtl\/2007\/04\/30\/els-autobusos-de-palma-atenen-en-catala\/","title":{"rendered":"Els autobusos de Palma atenen en catal\u00e0"},"content":{"rendered":"<p>Sense fer m\u00e9s comentaris &mdash;que haurien de matisar les suposades impossibilitats o necessitats d&#8217;incloure m\u00e9s d&#8217;una llengua&mdash; i despr\u00e9s d&#8217;experi\u00e8ncies de signe divers al Pa\u00eds Valenci\u00e0 &mdash;que podem trobar reflectides en els informes del S\u00edndic de Greuges&mdash; ens arriba la not\u00edcia que a Palma (Mallorca) els autobusos de l&#8217;EMT atenen els usuaris en catal\u00e0. Segons el <a href=\"http:\/\/www.diaridebalears.com\/segona.shtml?3133+3+180787\" target=\"_blank\"><em>Diari de Balears<\/em><\/a> (16.04.2007 dl.):<\/p>\n<blockquote>\n<h2>Un total de 19 autobusos de l&#8217;EMT ja informen els seus usuaris en catal\u00e0<\/h2>\n<h3> preveu que el sistema quedi implantat a tota la flota en un parell de mesos<\/h3>\n<h5>JOAN C. PALOS. Palma.<\/h5>\n<p>Un total de 19 autobusos de l&#8217;Empresa Municipal de Transports (EMT) ja han comen\u00e7at a comunicar-se amb l&#8217;usuari en catal\u00e0, mitjan\u00e7ant la incorporaci\u00f3 d&#8217;un sistema inform\u00e0tic que progressivament s&#8217;anir\u00e0 instal\u00b7lant a la resta de la flota. La iniciativa respon a una important demanda social i pol\u00edtica, a m\u00e9s de ser un compliment del Pla municipal de normalitzaci\u00f3 ling\u00fc\u00edstica.<\/p>\n<p>El tinent de batle de Seguretat Ciutadana i president de l&#8217;EMT, \u00c1lvaro Gij\u00f3n, inform\u00e0 del desenvolupament d&#8217;aquesta acci\u00f3, que disposa d&#8217;un pressupost de 180.000 euros. Aquesta quantitat representa el cost del sistema inform\u00e0tic, que a finals de maig ja han de tenir els 160 autobusos de la flota de transport urb\u00e0 de Palma.<\/p>\n<p>Gij\u00f3n coment\u00e0 que \u00abamb la intenci\u00f3 de no interferir en el servei de busos, totes les tasques d&#8217;adequaci\u00f3 dels vehicles i d&#8217;instal\u00b7laci\u00f3 dels aparells s&#8217;ha realitzat els vespres a les cotxeres de l&#8217;EMT\u00bb. A hores d&#8217;ara, ja s&#8217;ha completat aquesta adaptaci\u00f3 en poc m\u00e9s del 10% de la flota i es preveu que abans de les eleccions de dia 27 de maig ja s&#8217;hagi completat el proc\u00e9s. El cost global d&#8217;implantaci\u00f3 del sistema nou \u00e9s de devers 1.100 euros per vehicle.<\/p>\n<p><strong>Flota biling\u00fce<\/strong><br \/>\nAra com ara, el sistema implantat no permet altre idioma que el catal\u00e0. A m\u00e9s, els intervals de temps entre aturades -massa curts- i la durada de la veu inform\u00e0tica -massa lenta- fan impossible introduir el castell\u00e0 a la megafonia dels busos.<\/p>\n<p>No obstant aix\u00f2, el director gerent de l&#8217;EMT, Alejadro Delacourt, ha donat instruccions als t\u00e8cnics de l&#8217;empresa perqu\u00e8 cerquin f\u00f3rmules que permetin compatibilitzar les dues lleng\u00fces i, d&#8217;aquesta manera, acabar amb la pol\u00e8mica suscitada entre els sectors m\u00e9s \u00abultra\u00bb de Ciutat.<\/p>\n<p>No fa ni mig any que l&#8217;EMT incorpor\u00e0 18 autobusos nous i increment\u00e0 la plantilla de xofers amb 47 places m\u00e9s. Tot per continuar prestant servei als 35 milions de passatgers que l&#8217;empresa municipal mou cada any a trav\u00e9s de la ciutat.<\/p><\/blockquote>\n<hr \/>\n<\/hr>\n<p>&mdash;En este enlla\u00e7 podeu trobar qu\u00e8 en dia el diari <a href=\"http:\/\/www.elmundo-eldia.com\/2007\/04\/11\/palma\/1176242402.html\" target=\"_blank\"><em>El Mundo-ElDia.com<\/em><\/a>.<\/p>\n","protected":false},"excerpt":{"rendered":"<p>Sense fer m\u00e9s comentaris &mdash;que haurien de matisar les suposades impossibilitats o necessitats d&#8217;incloure m\u00e9s d&#8217;una llengua&mdash; i despr\u00e9s d&#8217;experi\u00e8ncies de signe divers al Pa\u00eds Valenci\u00e0 &mdash;que podem trobar reflectides en els informes del S\u00edndic de Greuges&mdash; ens arriba la not\u00edcia que a Palma (Mallorca) els autobusos de l&#8217;EMT atenen els usuaris en catal\u00e0. Segons [&hellip;]<\/p>\n","protected":false},"author":2,"featured_media":0,"comment_status":"open","ping_status":"open","sticky":false,"template":"","format":"standard","meta":{"footnotes":""},"categories":[2,1,47,24],"tags":[],"class_list":["post-66","post","type-post","status-publish","format-standard","hentry","category-comunicacio","category-general","category-planificacio","category-requisit-linguistic"],"_links":{"self":[{"href":"https:\/\/www.cdlpv.org\/dtl\/wp-json\/wp\/v2\/posts\/66","targetHints":{"allow":["GET"]}}],"collection":[{"href":"https:\/\/www.cdlpv.org\/dtl\/wp-json\/wp\/v2\/posts"}],"about":[{"href":"https:\/\/www.cdlpv.org\/dtl\/wp-json\/wp\/v2\/types\/post"}],"author":[{"embeddable":true,"href":"https:\/\/www.cdlpv.org\/dtl\/wp-json\/wp\/v2\/users\/2"}],"replies":[{"embeddable":true,"href":"https:\/\/www.cdlpv.org\/dtl\/wp-json\/wp\/v2\/comments?post=66"}],"version-history":[{"count":0,"href":"https:\/\/www.cdlpv.org\/dtl\/wp-json\/wp\/v2\/posts\/66\/revisions"}],"wp:attachment":[{"href":"https:\/\/www.cdlpv.org\/dtl\/wp-json\/wp\/v2\/media?parent=66"}],"wp:term":[{"taxonomy":"category","embeddable":true,"href":"https:\/\/www.cdlpv.org\/dtl\/wp-json\/wp\/v2\/categories?post=66"},{"taxonomy":"post_tag","embeddable":true,"href":"https:\/\/www.cdlpv.org\/dtl\/wp-json\/wp\/v2\/tags?post=66"}],"curies":[{"name":"wp","href":"https:\/\/api.w.org\/{rel}","templated":true}]}}