{"id":658,"date":"2008-11-30T19:59:26","date_gmt":"2008-11-30T18:59:26","guid":{"rendered":"http:\/\/www.cdlpv.org\/dtl\/?p=658"},"modified":"2008-11-30T19:59:26","modified_gmt":"2008-11-30T18:59:26","slug":"dades-sociolinguistiques-globals-sobre-el-catala","status":"publish","type":"post","link":"https:\/\/www.cdlpv.org\/dtl\/2008\/11\/30\/dades-sociolinguistiques-globals-sobre-el-catala\/","title":{"rendered":"Dades socioling\u00fc\u00edstiques globals sobre el catal\u00e0"},"content":{"rendered":"<p>Informa Vilaweb <a href=\"http:\/\/www.vilaweb.cat\/www\/noticia?p_idcmp=3082540\" target=\"_blank\">(30.11.2008)<\/a> que el web de la Generalitat de Catalunya publica un informe que cont\u00e9 les dades socioling\u00fc\u00edstiques (2003-2004), <em>Llengua i societat als territoris de parla catalana a l&#8217;inici del segle XXI<\/em> <a href=\"http:\/\/www20.gencat.cat\/docs\/Llengcat\/Documents\/Publicacions\/Publicacions%20en%20linea\/Arxius\/llenguaisocietat_inicisXXI.pdf\" target=\"_blank\"><span class=\"versaleta\">[pdf]<\/span><\/a>. Segons la not\u00edcia de Vilaweb:<\/p>\n<blockquote><p>\nS\u00f3n les dades socioling\u00fc\u00edstiques m\u00e9s \u00e0mplies obtingudes fins ara, pel nombre de preguntes fetes al q\u00fcestionari i pel nombre de persones entrevistades. Les q\u00fcestions tractades s\u00f3n les habilitats ling\u00fc\u00edstiques, l&#8217;\u00fas familiar i la transmissi\u00f3 ling\u00fc\u00edstica entre generacions, els usos ling\u00fc\u00edstics fora de la llar, els usos en els mitjans de comunicaci\u00f3 i les representacions de la llengua catalana.\n<\/p><\/blockquote>\n","protected":false},"excerpt":{"rendered":"<p>Informa Vilaweb (30.11.2008) que el web de la Generalitat de Catalunya publica un informe que cont\u00e9 les dades socioling\u00fc\u00edstiques (2003-2004), Llengua i societat als territoris de parla catalana a l&#8217;inici del segle XXI [pdf]. Segons la not\u00edcia de Vilaweb: S\u00f3n les dades socioling\u00fc\u00edstiques m\u00e9s \u00e0mplies obtingudes fins ara, pel nombre de preguntes fetes al q\u00fcestionari [&hellip;]<\/p>\n","protected":false},"author":2,"featured_media":0,"comment_status":"open","ping_status":"open","sticky":false,"template":"","format":"standard","meta":{"footnotes":""},"categories":[3,1,27],"tags":[177],"class_list":["post-658","post","type-post","status-publish","format-standard","hentry","category-documentacio","category-general","category-sociolinguistica","tag-enquestes"],"_links":{"self":[{"href":"https:\/\/www.cdlpv.org\/dtl\/wp-json\/wp\/v2\/posts\/658","targetHints":{"allow":["GET"]}}],"collection":[{"href":"https:\/\/www.cdlpv.org\/dtl\/wp-json\/wp\/v2\/posts"}],"about":[{"href":"https:\/\/www.cdlpv.org\/dtl\/wp-json\/wp\/v2\/types\/post"}],"author":[{"embeddable":true,"href":"https:\/\/www.cdlpv.org\/dtl\/wp-json\/wp\/v2\/users\/2"}],"replies":[{"embeddable":true,"href":"https:\/\/www.cdlpv.org\/dtl\/wp-json\/wp\/v2\/comments?post=658"}],"version-history":[{"count":0,"href":"https:\/\/www.cdlpv.org\/dtl\/wp-json\/wp\/v2\/posts\/658\/revisions"}],"wp:attachment":[{"href":"https:\/\/www.cdlpv.org\/dtl\/wp-json\/wp\/v2\/media?parent=658"}],"wp:term":[{"taxonomy":"category","embeddable":true,"href":"https:\/\/www.cdlpv.org\/dtl\/wp-json\/wp\/v2\/categories?post=658"},{"taxonomy":"post_tag","embeddable":true,"href":"https:\/\/www.cdlpv.org\/dtl\/wp-json\/wp\/v2\/tags?post=658"}],"curies":[{"name":"wp","href":"https:\/\/api.w.org\/{rel}","templated":true}]}}