{"id":656,"date":"2008-11-30T13:05:59","date_gmt":"2008-11-30T12:05:59","guid":{"rendered":"http:\/\/www.cdlpv.org\/dtl\/?p=656"},"modified":"2008-11-30T13:05:59","modified_gmt":"2008-11-30T12:05:59","slug":"ha-mort-lacademic-arnau-i-garcia","status":"publish","type":"post","link":"https:\/\/www.cdlpv.org\/dtl\/2008\/11\/30\/ha-mort-lacademic-arnau-i-garcia\/","title":{"rendered":"Ha mort l&#8217;acad\u00e8mic Arnau i Garcia"},"content":{"rendered":"<p>Divendres va morir a Val\u00e8ncia l&#8217;antic deg\u00e0 de la seu cat\u00f2lica de Val\u00e8ncia Ramon Arnau i Garcia. Segons les dades del web de l&#8217;<span class=\"versaleta\">avl<\/span>:<\/p>\n<blockquote><p>\nCatedr\u00e0tic em\u00e8rit de la Facultat de Teologia i exdeg\u00e0 de la Seu a Val\u00e8ncia. Dr. en Teologia per la Universitat de Munic (Alemanya).<\/p>\n<p>Autor de moltes obres de teologia i humanitats.<\/p>\n<p>Ha sigut consultor del Secretariat Pontifici pels No Creients i est\u00e0 en possessi\u00f3 de la Gran Creu de Sant Raimundo de Penyafort i del t\u00edtol de Protonotari Apost\u00f2lic.\n<\/p><\/blockquote>\n<p>Tamb\u00e9 era el president de la Comissi\u00f3 de Textos Religiosos de l&#8217;<span class=\"versaleta\">avl<\/span>.<\/p>\n","protected":false},"excerpt":{"rendered":"<p>Divendres va morir a Val\u00e8ncia l&#8217;antic deg\u00e0 de la seu cat\u00f2lica de Val\u00e8ncia Ramon Arnau i Garcia. Segons les dades del web de l&#8217;avl: Catedr\u00e0tic em\u00e8rit de la Facultat de Teologia i exdeg\u00e0 de la Seu a Val\u00e8ncia. Dr. en Teologia per la Universitat de Munic (Alemanya). Autor de moltes obres de teologia i humanitats. [&hellip;]<\/p>\n","protected":false},"author":2,"featured_media":0,"comment_status":"open","ping_status":"open","sticky":false,"template":"","format":"standard","meta":{"footnotes":""},"categories":[38,1],"tags":[137],"class_list":["post-656","post","type-post","status-publish","format-standard","hentry","category-avl","category-general","tag-defuncions"],"_links":{"self":[{"href":"https:\/\/www.cdlpv.org\/dtl\/wp-json\/wp\/v2\/posts\/656","targetHints":{"allow":["GET"]}}],"collection":[{"href":"https:\/\/www.cdlpv.org\/dtl\/wp-json\/wp\/v2\/posts"}],"about":[{"href":"https:\/\/www.cdlpv.org\/dtl\/wp-json\/wp\/v2\/types\/post"}],"author":[{"embeddable":true,"href":"https:\/\/www.cdlpv.org\/dtl\/wp-json\/wp\/v2\/users\/2"}],"replies":[{"embeddable":true,"href":"https:\/\/www.cdlpv.org\/dtl\/wp-json\/wp\/v2\/comments?post=656"}],"version-history":[{"count":0,"href":"https:\/\/www.cdlpv.org\/dtl\/wp-json\/wp\/v2\/posts\/656\/revisions"}],"wp:attachment":[{"href":"https:\/\/www.cdlpv.org\/dtl\/wp-json\/wp\/v2\/media?parent=656"}],"wp:term":[{"taxonomy":"category","embeddable":true,"href":"https:\/\/www.cdlpv.org\/dtl\/wp-json\/wp\/v2\/categories?post=656"},{"taxonomy":"post_tag","embeddable":true,"href":"https:\/\/www.cdlpv.org\/dtl\/wp-json\/wp\/v2\/tags?post=656"}],"curies":[{"name":"wp","href":"https:\/\/api.w.org\/{rel}","templated":true}]}}