{"id":654,"date":"2008-11-28T20:37:55","date_gmt":"2008-11-28T19:37:55","guid":{"rendered":"http:\/\/www.cdlpv.org\/dtl\/?p=654"},"modified":"2008-11-28T20:37:55","modified_gmt":"2008-11-28T19:37:55","slug":"francisco-camps-retalla-de-nou-els-drets-dels-valencians","status":"publish","type":"post","link":"https:\/\/www.cdlpv.org\/dtl\/2008\/11\/28\/francisco-camps-retalla-de-nou-els-drets-dels-valencians\/","title":{"rendered":"Francisco Camps retalla de nou els drets dels valencians"},"content":{"rendered":"<p>Francisco Camps, actual president de la Generalitat valenciana, continua amb la seua empresa censora d&#8217;emissions p\u00fabliques de televisi\u00f3. Segons la not\u00edcia de Vilaweb <a href=\"http:\/\/www.vilaweb.cat\/www\/noticia?p_idcmp=3086150&#038;p_edi=General\" target=\"_blank\">(28.11.2008)<\/a>:<\/p>\n<blockquote>\n<h2>La Generalitat Valenciana tanca els repetidors de TV3 d&#8217;Alginet i la Llosa de Ranes<\/h2>\n<\/blockquote>\n<p>Per ara no hi ha not\u00edcia que pretenga adaptar els precedents sovi\u00e8tics, castristes o xinesos a la seua peculiar versi\u00f3 de la democr\u00e0cia i les llibertats d&#8217;informaci\u00f3 i comunicaci\u00f3. No podem, per\u00f2, assegurar que no estiga maquinant alguna cosa per a impedir l&#8217;acc\u00e9s a les p\u00e0gines d&#8217;Internet amb l&#8217;extensi\u00f3 <em>.cat<\/em>.<\/p>\n","protected":false},"excerpt":{"rendered":"<p>Francisco Camps, actual president de la Generalitat valenciana, continua amb la seua empresa censora d&#8217;emissions p\u00fabliques de televisi\u00f3. Segons la not\u00edcia de Vilaweb (28.11.2008): La Generalitat Valenciana tanca els repetidors de TV3 d&#8217;Alginet i la Llosa de Ranes Per ara no hi ha not\u00edcia que pretenga adaptar els precedents sovi\u00e8tics, castristes o xinesos a la [&hellip;]<\/p>\n","protected":false},"author":2,"featured_media":0,"comment_status":"open","ping_status":"open","sticky":false,"template":"","format":"standard","meta":{"footnotes":""},"categories":[36,2,4,1,34],"tags":[100,409],"class_list":["post-654","post","type-post","status-publish","format-standard","hentry","category-allofobia","category-comunicacio","category-dret","category-general","category-tv3","tag-censura","tag-repetidors"],"_links":{"self":[{"href":"https:\/\/www.cdlpv.org\/dtl\/wp-json\/wp\/v2\/posts\/654","targetHints":{"allow":["GET"]}}],"collection":[{"href":"https:\/\/www.cdlpv.org\/dtl\/wp-json\/wp\/v2\/posts"}],"about":[{"href":"https:\/\/www.cdlpv.org\/dtl\/wp-json\/wp\/v2\/types\/post"}],"author":[{"embeddable":true,"href":"https:\/\/www.cdlpv.org\/dtl\/wp-json\/wp\/v2\/users\/2"}],"replies":[{"embeddable":true,"href":"https:\/\/www.cdlpv.org\/dtl\/wp-json\/wp\/v2\/comments?post=654"}],"version-history":[{"count":0,"href":"https:\/\/www.cdlpv.org\/dtl\/wp-json\/wp\/v2\/posts\/654\/revisions"}],"wp:attachment":[{"href":"https:\/\/www.cdlpv.org\/dtl\/wp-json\/wp\/v2\/media?parent=654"}],"wp:term":[{"taxonomy":"category","embeddable":true,"href":"https:\/\/www.cdlpv.org\/dtl\/wp-json\/wp\/v2\/categories?post=654"},{"taxonomy":"post_tag","embeddable":true,"href":"https:\/\/www.cdlpv.org\/dtl\/wp-json\/wp\/v2\/tags?post=654"}],"curies":[{"name":"wp","href":"https:\/\/api.w.org\/{rel}","templated":true}]}}