{"id":652,"date":"2008-11-27T18:52:11","date_gmt":"2008-11-27T17:52:11","guid":{"rendered":"http:\/\/www.cdlpv.org\/dtl\/?p=652"},"modified":"2008-11-27T18:52:11","modified_gmt":"2008-11-27T17:52:11","slug":"despesa-en-politica-linguistica-6","status":"publish","type":"post","link":"https:\/\/www.cdlpv.org\/dtl\/2008\/11\/27\/despesa-en-politica-linguistica-6\/","title":{"rendered":"Despesa en pol\u00edtica ling\u00fc\u00edstica (6)"},"content":{"rendered":"<p>Encara estem en temporada d&#8217;aprovaci\u00f3 dels pressuposts de la Generalitat valenciana, aixina que podem anar inspirant les nostres an\u00e0lisis amb un <a href=\"http:\/\/addendaetcorrigenda.blogia.com\/2008\/112601-la-riqueza-de-las-lenguas-6-el-coste-del-multilinguismo-o-la-taza-de-cafe-de-cad.php\" target=\"_blank\">article<\/a> que ens ha recomanat S\u00edlvia Senz:<\/p>\n<blockquote>\n<h2>La riqueza de las lenguas, 6: el coste del multiling\u00fcismo, o la taza de caf\u00e9 de cada uno<\/h2>\n<\/blockquote>\n<p>Per la nostra part, mirant el projecte de pressuposts de la Generalitat valenciana d&#8217;enguany, hi trobe alguna curiositat, com ara el fet que l&#8217;any passat hi havia per a foment del valenci\u00e0 en la Conselleria d&#8217;Educaci\u00f3 7.035.350 euros, per\u00f2 que en els pressupots d&#8217;enguany diuen que els de l&#8217;any passat eren 6.790.550 euros. No hi entenc gens de comptes, per\u00f2 em sembla que aixina poden dir que els del 2009, 7.001.760, s\u00f3n un augment d&#8217;un 3,11%, quan en realitat hi ha hagut un descens d&#8217;un 0,5%.<\/p>\n<p>Si \u00e9s una errada, ja ho corregiran. Si no ho \u00e9s, deu ser perqu\u00e8 les dades que mostren l&#8217;evoluci\u00f3 del catal\u00e0 al Pa\u00eds Valenci\u00e0 els satisfan plenament. Al cap i a la fi, si posem que som cinc milions d&#8217;habitants, tal com <em>bramen<\/em> des del Consell, la despesa per habitant \u00e9s d&#8217;1,4 euros anual per cap. Segons en quins llocs, aix\u00f2 no arriba per al cafenet.<\/p>\n<p>Pot ser que pensen \u00abfomentar\u00bb el valenci\u00e0 d&#8217;una altra manera, sense tants diners per\u00f2 amb m\u00e9s impuls pol\u00edtic real&#8230; \u00a1Pfff!<\/p>\n","protected":false},"excerpt":{"rendered":"<p>Encara estem en temporada d&#8217;aprovaci\u00f3 dels pressuposts de la Generalitat valenciana, aixina que podem anar inspirant les nostres an\u00e0lisis amb un article que ens ha recomanat S\u00edlvia Senz: La riqueza de las lenguas, 6: el coste del multiling\u00fcismo, o la taza de caf\u00e9 de cada uno Per la nostra part, mirant el projecte de pressuposts [&hellip;]<\/p>\n","protected":false},"author":2,"featured_media":0,"comment_status":"open","ping_status":"open","sticky":false,"template":"","format":"standard","meta":{"footnotes":""},"categories":[1,47,21,28],"tags":[108,141,252,383],"class_list":["post-652","post","type-post","status-publish","format-standard","hentry","category-general","category-planificacio","category-pressuposts","category-subvencions","tag-comparativa","tag-despesa","tag-inversio","tag-pressupost"],"_links":{"self":[{"href":"https:\/\/www.cdlpv.org\/dtl\/wp-json\/wp\/v2\/posts\/652","targetHints":{"allow":["GET"]}}],"collection":[{"href":"https:\/\/www.cdlpv.org\/dtl\/wp-json\/wp\/v2\/posts"}],"about":[{"href":"https:\/\/www.cdlpv.org\/dtl\/wp-json\/wp\/v2\/types\/post"}],"author":[{"embeddable":true,"href":"https:\/\/www.cdlpv.org\/dtl\/wp-json\/wp\/v2\/users\/2"}],"replies":[{"embeddable":true,"href":"https:\/\/www.cdlpv.org\/dtl\/wp-json\/wp\/v2\/comments?post=652"}],"version-history":[{"count":0,"href":"https:\/\/www.cdlpv.org\/dtl\/wp-json\/wp\/v2\/posts\/652\/revisions"}],"wp:attachment":[{"href":"https:\/\/www.cdlpv.org\/dtl\/wp-json\/wp\/v2\/media?parent=652"}],"wp:term":[{"taxonomy":"category","embeddable":true,"href":"https:\/\/www.cdlpv.org\/dtl\/wp-json\/wp\/v2\/categories?post=652"},{"taxonomy":"post_tag","embeddable":true,"href":"https:\/\/www.cdlpv.org\/dtl\/wp-json\/wp\/v2\/tags?post=652"}],"curies":[{"name":"wp","href":"https:\/\/api.w.org\/{rel}","templated":true}]}}