{"id":650,"date":"2008-11-25T14:50:11","date_gmt":"2008-11-25T13:50:11","guid":{"rendered":"http:\/\/www.cdlpv.org\/dtl\/?p=650"},"modified":"2008-11-25T14:50:11","modified_gmt":"2008-11-25T13:50:11","slug":"les-televisions-portugueses-en-galicia","status":"publish","type":"post","link":"https:\/\/www.cdlpv.org\/dtl\/2008\/11\/25\/les-televisions-portugueses-en-galicia\/","title":{"rendered":"Les televisions portugueses en Gal\u00edcia"},"content":{"rendered":"<p>A voltes hi ha algunes difer\u00e8ncies en el respecte que mostren els parlaments, alguns governs i alguns c\u00e0rrecs p\u00fablics cap als seus ciutadans, i aix\u00f2 varia tamb\u00e9 d&#8217;uns pa\u00efsos a uns altres, com podem observar en esta not\u00edcia que trobem en <a href=\"http:\/\/www.agal-gz.org\/portugaliza\/num07\/bol07n04.htm\" target=\"_blank\"><em>Portugaliza.net:<\/em><\/a><\/p>\n<blockquote>\n<h2>Parlamento Galego aprova acesso da Galiza \u00e0s TVs portuguesas.<\/h2>\n<h3>www.agal-gz.org\/portugaliza 31\/12\/2007. Parlamento galego aprovou por unanimidade de todos os grupos pol\u00edticos representados na C\u00e2mara solicitar o acesso da Galiza ao sinal aberto das TVs e R\u00e1dios portuguesas.<\/h3>\n<h5>Fonte: Movimento Defesa da L\u00edngua e altera\u00e7\u00f5es pr\u00f3prias.<\/h5>\n<p>Pouco a pouco, demandas hist\u00f3ricas do lusismo-reintegracionismo como nesta ocasi\u00e3o, v\u00e3o socializando-se e s\u00e3o utilizados os mesmos argumentos exprimidos ao longo de muitos anos pelo Movimento Defesa da L\u00edngua, pela antiga Assembleia da L\u00edngua e pela Plataforma pola Recep\u00e7om das R\u00e1dios e TVs portuguesas na Galiza. Passado dia 9 de Abril de 2008 aprovava-se por unanimidade no Parlamento galego uma proposi\u00e7\u00e3o n\u00e3o de lei apresentada pelos deputados do BNG Bieito Lobeira e Modesta Riob\u00f3 em que se acordava o seguinte solicitar na Galiza a recep\u00e7\u00e3o das TVs e R\u00e1dios portuguesas.\n<\/p><\/blockquote>\n","protected":false},"excerpt":{"rendered":"<p>A voltes hi ha algunes difer\u00e8ncies en el respecte que mostren els parlaments, alguns governs i alguns c\u00e0rrecs p\u00fablics cap als seus ciutadans, i aix\u00f2 varia tamb\u00e9 d&#8217;uns pa\u00efsos a uns altres, com podem observar en esta not\u00edcia que trobem en Portugaliza.net: Parlamento Galego aprova acesso da Galiza \u00e0s TVs portuguesas. www.agal-gz.org\/portugaliza 31\/12\/2007. Parlamento galego [&hellip;]<\/p>\n","protected":false},"author":2,"featured_media":0,"comment_status":"open","ping_status":"open","sticky":false,"template":"","format":"standard","meta":{"footnotes":""},"categories":[2,1,19,27],"tags":[218,219,378,465],"class_list":["post-650","post","type-post","status-publish","format-standard","hentry","category-comunicacio","category-general","category-politica","category-sociolinguistica","tag-galicia","tag-gallec","tag-portugues","tag-televisio"],"_links":{"self":[{"href":"https:\/\/www.cdlpv.org\/dtl\/wp-json\/wp\/v2\/posts\/650","targetHints":{"allow":["GET"]}}],"collection":[{"href":"https:\/\/www.cdlpv.org\/dtl\/wp-json\/wp\/v2\/posts"}],"about":[{"href":"https:\/\/www.cdlpv.org\/dtl\/wp-json\/wp\/v2\/types\/post"}],"author":[{"embeddable":true,"href":"https:\/\/www.cdlpv.org\/dtl\/wp-json\/wp\/v2\/users\/2"}],"replies":[{"embeddable":true,"href":"https:\/\/www.cdlpv.org\/dtl\/wp-json\/wp\/v2\/comments?post=650"}],"version-history":[{"count":0,"href":"https:\/\/www.cdlpv.org\/dtl\/wp-json\/wp\/v2\/posts\/650\/revisions"}],"wp:attachment":[{"href":"https:\/\/www.cdlpv.org\/dtl\/wp-json\/wp\/v2\/media?parent=650"}],"wp:term":[{"taxonomy":"category","embeddable":true,"href":"https:\/\/www.cdlpv.org\/dtl\/wp-json\/wp\/v2\/categories?post=650"},{"taxonomy":"post_tag","embeddable":true,"href":"https:\/\/www.cdlpv.org\/dtl\/wp-json\/wp\/v2\/tags?post=650"}],"curies":[{"name":"wp","href":"https:\/\/api.w.org\/{rel}","templated":true}]}}