{"id":65,"date":"2007-04-30T08:25:06","date_gmt":"2007-04-30T07:25:06","guid":{"rendered":"http:\/\/www.cdlpv.org\/dtl\/?p=65"},"modified":"2007-04-30T08:25:06","modified_gmt":"2007-04-30T07:25:06","slug":"renfe-no-progressa-adequadament","status":"publish","type":"post","link":"https:\/\/www.cdlpv.org\/dtl\/2007\/04\/30\/renfe-no-progressa-adequadament\/","title":{"rendered":"Renfe no progressa adequadament"},"content":{"rendered":"<p>S\u00f3n coneguts els problemes dels c\u00e0rrecs, fucionaris i treballadors de les empreses i institucions d&#8217;\u00e0mbit estatal amb la pluralitat ling\u00fc\u00edstica oficial de l&#8217;estat espanyol. Tots deven haver topat alguna vegada amb demostracions m\u00e9s o menys prepotents d&#8217;ignor\u00e0ncia i incapacitaci\u00f3 ling\u00fc\u00edstica en algun despatx o en alguna finestreta. Aix\u00f2 \u00e9s resultat d&#8217;anys de contemporitzar amb l&#8217;aplicaci\u00f3 d&#8217;un requisit de capacitaci\u00f3 b\u00e0sic, el requisit ling\u00fc\u00edstic.<\/p>\n<p>Per ampliar una mica m\u00e9s la perspectiva sobre aix\u00f2 del requisit ling\u00fc\u00edstic, que s&#8217;aplica de manera generalitzada i oficial \u00fanicament en el cas del requisit espanyol &mdash;tant ac\u00ed com a Girona o a Utiel&mdash;, reprodu\u00efm a continuaci\u00f3 el cas que ha afectat el president del Consell Assessor de RTVE. Segons publica el diari <a href=\"http:\/\/paper.avui.cat\/article\/\/societat\/53317\/lestacio\/lleida\/castella.html\" target=\"_blank\"><em>Avui<\/em><\/a> (17.04.2007 dt.):<\/p>\n<blockquote>\n<h2>A l&#8217;estaci\u00f3 de Lleida, en castell\u00e0<\/h2>\n<h3>QUEIXA \u00b7 El president del Consell Assessor de RTVE denuncia insults i ab\u00fas del personal de seguretat privada de Renfe a Lleida ESPANYA \u00b7 El van instar a parlar en castell\u00e0 perqu\u00e8 &#8220;es trobava a Espanya&#8221;<\/h3>\n<h5>Joan Tort<\/h5>\n<p>Josep Ramon M\u00f2dol, president del Consell Assessor de RTVE i exparlamentari socialista, ha presentat una reclamaci\u00f3 a Renfe pel tracte rebut per part de dos vigilants de seguretat de l&#8217;estaci\u00f3 ferrovi\u00e0ria Lleida-Pirineus que el volien obligar a parlar en castell\u00e0 i per excedir-se en les seves funcions. Tamb\u00e9 t\u00e9 previst denunciar el cas davant la Generalitat.<\/p>\n<p>Els agents, segons va explicar M\u00f2dol, li van dir que parl\u00e9s en espanyol perqu\u00e8 era a Espanya i, a m\u00e9s, que no tenien cap obligaci\u00f3 d&#8217;entendre&#8217;l en catal\u00e0. El representant de RTVE va assegurar que es va quedar perplex i que els va respondre que ja sabia prou b\u00e9 que era a Espanya, per\u00f2 que tamb\u00e9 era a Catalunya i a Lleida i que ell parlava el catal\u00e0. Els vigilants privats li van respondre que era a &#8220;L\u00e9rida&#8221;, i M\u00f2dol els va respondre que aquesta denominaci\u00f3 ja no existia i va continuar negant-se a parlar en castell\u00e0.<\/p>\n<p>La disputa es va allargar una bona estona m\u00e9s fins que l&#8217;exparlamentari els va demanar que li facilitessin la seva identificaci\u00f3 com a vigilants de seguretat per formalitzar una queixa per insults i ab\u00fas. Els empleats de la firma Prosegur s&#8217;hi van negar, i aleshores va presentar la reclamaci\u00f3 a Renfe directament. M\u00f2dol es va negar en tot moment a parlar en castell\u00e0 davant l&#8217;actitud hostil i insultant dels vigilants.<\/p>\n<p><strong>Extralimitaci\u00f3<\/strong><\/p>\n<p>La picabaralla es va produir la setmana passada, quan Josep Ramon M\u00f2dol es disposava a entrar a l&#8217;andana per pujar a un AVE en direcci\u00f3 a Madrid. Despr\u00e9s de passar el seu equipatge per l&#8217;esc\u00e0ner de seguretat, els dos vigilants li van demanar que obr\u00eds la bossa de m\u00e0 i que enseny\u00e9s el DNI. M\u00f2dol s&#8217;hi va negar i va explicar que coneix la normativa i que els vigilants de seguretat no tenen compet\u00e8ncies per exercir aquestes funcions. Va argumentar que, en cas de qualsevol sospita, l&#8217;\u00fanic que poden fer \u00e9s alertar la policia i retenir la persona de qui sospiten fins que agents de l&#8217;autoritat arribin al lloc dels fets.<\/p>\n<p>Aquest fet va desembocar en el conflicte ling\u00fc\u00edstic i, finalment, en la den\u00fancia contra els dos vigilants. Josep Ramon M\u00f2dol va lamentar que personal de vigil\u00e0ncia contractat per Renfe per mantenir la seguretat a l&#8217;estaci\u00f3 del ferrocarril es comporti d&#8217;aquesta manera amb els usuaris, i m\u00e9s quan, fins ara, no consta que s&#8217;hagin produ\u00eft conflictes per q\u00fcestions de la llengua catalana. A m\u00e9s, tota la retolaci\u00f3 i la informaci\u00f3 de l&#8217;estaci\u00f3 segueix la normativa i es pot trobar en les dues lleng\u00fces oficials a Catalunya.<\/p>\n<p>La disputa la van poder veure m\u00e9s persones, alguna de les quals va intentar fins i tot mediar, tot i la perplexitat de la majoria.<\/p>\n<\/blockquote>\n","protected":false},"excerpt":{"rendered":"<p>S\u00f3n coneguts els problemes dels c\u00e0rrecs, fucionaris i treballadors de les empreses i institucions d&#8217;\u00e0mbit estatal amb la pluralitat ling\u00fc\u00edstica oficial de l&#8217;estat espanyol. Tots deven haver topat alguna vegada amb demostracions m\u00e9s o menys prepotents d&#8217;ignor\u00e0ncia i incapacitaci\u00f3 ling\u00fc\u00edstica en algun despatx o en alguna finestreta. Aix\u00f2 \u00e9s resultat d&#8217;anys de contemporitzar amb l&#8217;aplicaci\u00f3 [&hellip;]<\/p>\n","protected":false},"author":2,"featured_media":0,"comment_status":"open","ping_status":"open","sticky":false,"template":"","format":"standard","meta":{"footnotes":""},"categories":[4,1,15,24],"tags":[],"class_list":["post-65","post","type-post","status-publish","format-standard","hentry","category-dret","category-general","category-laboral","category-requisit-linguistic"],"_links":{"self":[{"href":"https:\/\/www.cdlpv.org\/dtl\/wp-json\/wp\/v2\/posts\/65","targetHints":{"allow":["GET"]}}],"collection":[{"href":"https:\/\/www.cdlpv.org\/dtl\/wp-json\/wp\/v2\/posts"}],"about":[{"href":"https:\/\/www.cdlpv.org\/dtl\/wp-json\/wp\/v2\/types\/post"}],"author":[{"embeddable":true,"href":"https:\/\/www.cdlpv.org\/dtl\/wp-json\/wp\/v2\/users\/2"}],"replies":[{"embeddable":true,"href":"https:\/\/www.cdlpv.org\/dtl\/wp-json\/wp\/v2\/comments?post=65"}],"version-history":[{"count":0,"href":"https:\/\/www.cdlpv.org\/dtl\/wp-json\/wp\/v2\/posts\/65\/revisions"}],"wp:attachment":[{"href":"https:\/\/www.cdlpv.org\/dtl\/wp-json\/wp\/v2\/media?parent=65"}],"wp:term":[{"taxonomy":"category","embeddable":true,"href":"https:\/\/www.cdlpv.org\/dtl\/wp-json\/wp\/v2\/categories?post=65"},{"taxonomy":"post_tag","embeddable":true,"href":"https:\/\/www.cdlpv.org\/dtl\/wp-json\/wp\/v2\/tags?post=65"}],"curies":[{"name":"wp","href":"https:\/\/api.w.org\/{rel}","templated":true}]}}