{"id":643,"date":"2008-11-20T14:46:00","date_gmt":"2008-11-20T13:46:00","guid":{"rendered":"http:\/\/www.cdlpv.org\/dtl\/?p=643"},"modified":"2008-11-20T14:46:00","modified_gmt":"2008-11-20T13:46:00","slug":"xavier-sala-martin-mostra-les-vergonyes","status":"publish","type":"post","link":"https:\/\/www.cdlpv.org\/dtl\/2008\/11\/20\/xavier-sala-martin-mostra-les-vergonyes\/","title":{"rendered":"Xavier Sala Mart\u00edn mostra les vergonyes"},"content":{"rendered":"<p>Xavier Sala Mart\u00edn es sent innecess\u00e0riament \u00abavergonyit\u00bb (<em>Avui<\/em>, <a href=\"http:\/\/www.avui.cat\/opinio\/detail.php?id=46883\" target=\"_blank\">20.11.2008<\/a> dj.):<\/p>\n<blockquote><p>\nAvergonyit, en definitiva, perqu\u00e8 en lloc de defensar el nostre pa\u00eds i la nostra llengua amb raonaments l\u00f2gics i racionals, documentats amb dades per evitar que els que ignoren la realitat catalana es creguin els demagogs que escriuen articles plens de falsedats i invencions, en lloc de fer aix\u00f2, dic, la Generalitat va i explica que tenim mil anys d\u2019hist\u00f2ria i defensa pat\u00e8ticament l\u2019honorabilitat del president Pujol, a qui la revista acusa de \u00abcacic\u00bb com si el punt m\u00e9s important de l\u2019article fos aquesta acusaci\u00f3. Sense posar en dubte l\u2019honorabilitat del millor president que Catalunya ha tingut al llarg de la hist\u00f2ria, la pat\u00e8tica i rid\u00edcula resposta del nostre govern demostra que \u00e9s incapa\u00e7 de defensar el nostre pa\u00eds, la nostra llengua i la nostra realitat cultural i econ\u00f2mica. Per tot aix\u00f2, em sento avergonyit.\n<\/p><\/blockquote>\n<p>Perqu\u00e8 abans d&#8217;escriure eixe par\u00e0graf, el catedr\u00e0tic d\u00f3na unes quantes dades i raons que demostren que t\u00e9 motius per a sentir-se suportablement tranquil i gaudint una miqueta de satisfacci\u00f3 pel pa\u00eds en qu\u00e8 viu. La vergonya \u00e9s m\u00e9s aviat aliena, i la sentim en vore l&#8217;actuaci\u00f3 politica de l&#8217;estat espanyol, de la Uni\u00f3 Europea i, \u00e9s clar, a causa de l&#8217;article de la revista <em>The Economist.<\/em><\/p>\n<p>Un article que, vist des del Pa\u00eds Valenci\u00e0, ens fa sentir vergonya perqu\u00e8 coneixem els motius pels quals passem desapercebuts entre els pa\u00efsos amb diverses lleng\u00fces oficials.<\/p>\n","protected":false},"excerpt":{"rendered":"<p>Xavier Sala Mart\u00edn es sent innecess\u00e0riament \u00abavergonyit\u00bb (Avui, 20.11.2008 dj.): Avergonyit, en definitiva, perqu\u00e8 en lloc de defensar el nostre pa\u00eds i la nostra llengua amb raonaments l\u00f2gics i racionals, documentats amb dades per evitar que els que ignoren la realitat catalana es creguin els demagogs que escriuen articles plens de falsedats i invencions, en [&hellip;]<\/p>\n","protected":false},"author":2,"featured_media":0,"comment_status":"open","ping_status":"open","sticky":false,"template":"","format":"standard","meta":{"footnotes":""},"categories":[36,2,10,1,24,27],"tags":[425,473],"class_list":["post-643","post","type-post","status-publish","format-standard","hentry","category-allofobia","category-comunicacio","category-formacio","category-general","category-requisit-linguistic","category-sociolinguistica","tag-sala-martin","tag-the-economist"],"_links":{"self":[{"href":"https:\/\/www.cdlpv.org\/dtl\/wp-json\/wp\/v2\/posts\/643","targetHints":{"allow":["GET"]}}],"collection":[{"href":"https:\/\/www.cdlpv.org\/dtl\/wp-json\/wp\/v2\/posts"}],"about":[{"href":"https:\/\/www.cdlpv.org\/dtl\/wp-json\/wp\/v2\/types\/post"}],"author":[{"embeddable":true,"href":"https:\/\/www.cdlpv.org\/dtl\/wp-json\/wp\/v2\/users\/2"}],"replies":[{"embeddable":true,"href":"https:\/\/www.cdlpv.org\/dtl\/wp-json\/wp\/v2\/comments?post=643"}],"version-history":[{"count":0,"href":"https:\/\/www.cdlpv.org\/dtl\/wp-json\/wp\/v2\/posts\/643\/revisions"}],"wp:attachment":[{"href":"https:\/\/www.cdlpv.org\/dtl\/wp-json\/wp\/v2\/media?parent=643"}],"wp:term":[{"taxonomy":"category","embeddable":true,"href":"https:\/\/www.cdlpv.org\/dtl\/wp-json\/wp\/v2\/categories?post=643"},{"taxonomy":"post_tag","embeddable":true,"href":"https:\/\/www.cdlpv.org\/dtl\/wp-json\/wp\/v2\/tags?post=643"}],"curies":[{"name":"wp","href":"https:\/\/api.w.org\/{rel}","templated":true}]}}