{"id":640,"date":"2008-11-19T14:27:06","date_gmt":"2008-11-19T13:27:06","guid":{"rendered":"http:\/\/www.cdlpv.org\/dtl\/?p=640"},"modified":"2008-11-19T14:27:06","modified_gmt":"2008-11-19T13:27:06","slug":"xxv-aniversari-de-la-revista-de-llengua-i-dret","status":"publish","type":"post","link":"https:\/\/www.cdlpv.org\/dtl\/2008\/11\/19\/xxv-aniversari-de-la-revista-de-llengua-i-dret\/","title":{"rendered":"XXV aniversari de la Revista de Llengua i Dret"},"content":{"rendered":"<p>Marta Torres Vilatarsana ens informa a trav\u00e9s d&#8217;InfoZ\u00e8fir de l&#8217;acte seg\u00fcent:<\/p>\n<blockquote>\n<h2>Jornada de celebraci\u00f3 del 25\u00e8 Aniversari de la <em>Revista de Llengua i Dret<\/em><\/h2>\n<h4>Barcelona, 3 de desembre de 2008<\/h4>\n<p>A la Jornada reconeguts especialistes internacionals i catalans analitzaran l&#8217;evoluci\u00f3, en els darrers 25 anys, del dret ling\u00fc\u00edstic, la pol\u00edtica i planificaci\u00f3 ling\u00fc\u00edstiques i el llenguatge jur\u00eddic en el m\u00f3n. Aix\u00ed mateix, es presentar\u00e0 el nou portal web de la revista i l&#8217;exposici\u00f3 dedicada als 50 n\u00fameros de la publicaci\u00f3.<\/p>\n<p><strong>Programa complet:<\/strong> <a href=\"http:\/\/www.eapc.cat\/documents\/2008\/25RLD\/Programa_25RLD.pdf\" target=\"_blank\"><span class=\"versaleta\">[pdf]<\/span><\/a><\/p>\n<p><strong>Dia i hora:<\/strong><br \/>\nDimecres 3 de desembre de 2008, de 9 a 14 h<\/p>\n<p><strong>Lloc:<\/strong><br \/>\nEscola d&#8217;Administraci\u00f3 P\u00fablica de Catalunya<br \/>\nC. de Girona, 20 &#8211; 08010 Barcelona<\/p>\n<p>\u00c9s imprescindible confirmar l&#8217;assist\u00e8ncia a <a href=\"mailto:publicacions.eapc@gencat.cat\" target=\"_blank\">publicacions.eapc@gencat.cat<\/a> o al tel\u00e8fon 93 567 23 87<\/p>\n<p>S&#8217;obsequiar\u00e0 el p\u00fablic assistent amb el n\u00famero 50 de la revista.<\/p>\n<p>Font: EAPC\n<\/p><\/blockquote>\n","protected":false},"excerpt":{"rendered":"<p>Marta Torres Vilatarsana ens informa a trav\u00e9s d&#8217;InfoZ\u00e8fir de l&#8217;acte seg\u00fcent: Jornada de celebraci\u00f3 del 25\u00e8 Aniversari de la Revista de Llengua i Dret Barcelona, 3 de desembre de 2008 A la Jornada reconeguts especialistes internacionals i catalans analitzaran l&#8217;evoluci\u00f3, en els darrers 25 anys, del dret ling\u00fc\u00edstic, la pol\u00edtica i planificaci\u00f3 ling\u00fc\u00edstiques i el [&hellip;]<\/p>\n","protected":false},"author":2,"featured_media":0,"comment_status":"open","ping_status":"open","sticky":false,"template":"","format":"standard","meta":{"footnotes":""},"categories":[4,10,1,22],"tags":[417],"class_list":["post-640","post","type-post","status-publish","format-standard","hentry","category-dret","category-formacio","category-general","category-recerca","tag-revistes"],"_links":{"self":[{"href":"https:\/\/www.cdlpv.org\/dtl\/wp-json\/wp\/v2\/posts\/640","targetHints":{"allow":["GET"]}}],"collection":[{"href":"https:\/\/www.cdlpv.org\/dtl\/wp-json\/wp\/v2\/posts"}],"about":[{"href":"https:\/\/www.cdlpv.org\/dtl\/wp-json\/wp\/v2\/types\/post"}],"author":[{"embeddable":true,"href":"https:\/\/www.cdlpv.org\/dtl\/wp-json\/wp\/v2\/users\/2"}],"replies":[{"embeddable":true,"href":"https:\/\/www.cdlpv.org\/dtl\/wp-json\/wp\/v2\/comments?post=640"}],"version-history":[{"count":0,"href":"https:\/\/www.cdlpv.org\/dtl\/wp-json\/wp\/v2\/posts\/640\/revisions"}],"wp:attachment":[{"href":"https:\/\/www.cdlpv.org\/dtl\/wp-json\/wp\/v2\/media?parent=640"}],"wp:term":[{"taxonomy":"category","embeddable":true,"href":"https:\/\/www.cdlpv.org\/dtl\/wp-json\/wp\/v2\/categories?post=640"},{"taxonomy":"post_tag","embeddable":true,"href":"https:\/\/www.cdlpv.org\/dtl\/wp-json\/wp\/v2\/tags?post=640"}],"curies":[{"name":"wp","href":"https:\/\/api.w.org\/{rel}","templated":true}]}}