{"id":64,"date":"2007-04-26T18:09:49","date_gmt":"2007-04-26T17:09:49","guid":{"rendered":"http:\/\/www.cdlpv.org\/dtl\/?p=64"},"modified":"2007-04-26T18:09:49","modified_gmt":"2007-04-26T17:09:49","slug":"el-repetidor-de-la-carrasqueta","status":"publish","type":"post","link":"https:\/\/www.cdlpv.org\/dtl\/2007\/04\/26\/el-repetidor-de-la-carrasqueta\/","title":{"rendered":"El repetidor de la Carrasqueta"},"content":{"rendered":"<p>Reprodu\u00efm a continuaci\u00f3 el comunicat que ha em\u00e9s Acci\u00f3 Cultural del Pa\u00eds Valenci\u00e0 davant la clausura imminent del repetidor de la Carrasqueta (m\u00e9s dades en <a href=\"http:\/\/www.vilaweb.cat\" target=\"_blank\">Vilaweb<\/a>):<\/p>\n<blockquote>\n<h2>Pol\u00edtics, sindicalistes, escriptors i personalitats del m\u00f3n associatiu donen suport a la mobilitzaci\u00f3 i confirmen la seua assist\u00e8ncia<\/h2>\n<p>El govern valenci\u00e0 ha notificat a Acci\u00f3 Valenci\u00e0 del Pa\u00eds Valenci\u00e0 (ACPV) que dem\u00e0 divendres 27 d&#8217;abril, a les 11 hores, tancar\u00e0 el repetidor de TV3 que l&#8217;entitat t\u00e9 a la serra de la Carrasqueta, al terme municipal de Xixona. Aquesta mesura es pren despr\u00e9s que el Jutjat del Contenci\u00f3s-Administratiu d&#8217;Alacant autoritzara la Generalitat Valenciana a accedir a aquestes instal\u00b7lacions, en una decisi\u00f3 totalment oposada a la que ha pres el jutjat hom\u00f2nim de Val\u00e8ncia. Com inform\u00e0vem fa uns dies, la jutgessa de Val\u00e8ncia va negar l&#8217;autoritzaci\u00f3 a entrar al reemissor que ACPV t\u00e9 al Mond\u00faver, prevista per al 25 d&#8217;abril al\u00b7legant que aquest mesura provisional contradeia drets fonamentals, com ara el dret a la llibertat d&#8217;informaci\u00f3 o la pluralitat infomativa.<\/p>\n<p>Tanmateix, la responsabilitat \u00faltima de fer efectiva aquesta autoritzaci\u00f3, contr\u00e0ria al sentir de la gran majoria de la societat valenciana, la t\u00e9 la Generalitat Valenciana. Igualment, i malgrat les declaracions del conseller Vicent Rambla a favor d&#8217;un acord de reciprocitat entre els governs valenci\u00e0 i catal\u00e0, la decisi\u00f3 de tancar dem\u00e0 el repetidor de la Carrasqueta demostra la nul\u00b7la voluntat del PP valenci\u00e0 per arribar a una acord amb la Generalitat de Catalunya efectiu i positiu per ambdues parts.<\/p>\n<p>Davant aquesta situaci\u00f3, ACPV no pot, per responsabilitat c\u00edvica, mantenir-se passiva. Per aquest motiu, i davant aquest greu atemptat als drets fonamentals dels valencians i valencianes, ha convocat una concentraci\u00f3 dem\u00e0 27 d&#8217;abril de 2007 a les 10 del mat\u00ed a les instal\u00b7lacions de reemissor de la Serra de la Carrasqueta. L&#8217;objectiu: deixar palesa la indignaci\u00f3 de milers de valencians i valencianes que veuran restringits els seus drets m\u00e9s elementals, com ara el dret a la llibertat d&#8217;expressi\u00f3 i a la pluralitat informativa. Representants pol\u00edtics, sindicals, culturals i c\u00edvics han confirmat la seua pres\u00e8ncia.<\/p>\n<p>COM ANAR-HI<\/p>\n<p>Carretera Alcoi-Xixona per la N-340 i abans d&#8217;arribar a Xixona est\u00e0 l&#8217;alt de la Carrasqueta (cartell indicador -1020 m )\n<\/p><\/blockquote>\n","protected":false},"excerpt":{"rendered":"<p>Reprodu\u00efm a continuaci\u00f3 el comunicat que ha em\u00e9s Acci\u00f3 Cultural del Pa\u00eds Valenci\u00e0 davant la clausura imminent del repetidor de la Carrasqueta (m\u00e9s dades en Vilaweb): Pol\u00edtics, sindicalistes, escriptors i personalitats del m\u00f3n associatiu donen suport a la mobilitzaci\u00f3 i confirmen la seua assist\u00e8ncia El govern valenci\u00e0 ha notificat a Acci\u00f3 Valenci\u00e0 del Pa\u00eds Valenci\u00e0 [&hellip;]<\/p>\n","protected":false},"author":2,"featured_media":0,"comment_status":"open","ping_status":"open","sticky":false,"template":"","format":"standard","meta":{"footnotes":""},"categories":[2,4,1,34],"tags":[],"class_list":["post-64","post","type-post","status-publish","format-standard","hentry","category-comunicacio","category-dret","category-general","category-tv3"],"_links":{"self":[{"href":"https:\/\/www.cdlpv.org\/dtl\/wp-json\/wp\/v2\/posts\/64","targetHints":{"allow":["GET"]}}],"collection":[{"href":"https:\/\/www.cdlpv.org\/dtl\/wp-json\/wp\/v2\/posts"}],"about":[{"href":"https:\/\/www.cdlpv.org\/dtl\/wp-json\/wp\/v2\/types\/post"}],"author":[{"embeddable":true,"href":"https:\/\/www.cdlpv.org\/dtl\/wp-json\/wp\/v2\/users\/2"}],"replies":[{"embeddable":true,"href":"https:\/\/www.cdlpv.org\/dtl\/wp-json\/wp\/v2\/comments?post=64"}],"version-history":[{"count":0,"href":"https:\/\/www.cdlpv.org\/dtl\/wp-json\/wp\/v2\/posts\/64\/revisions"}],"wp:attachment":[{"href":"https:\/\/www.cdlpv.org\/dtl\/wp-json\/wp\/v2\/media?parent=64"}],"wp:term":[{"taxonomy":"category","embeddable":true,"href":"https:\/\/www.cdlpv.org\/dtl\/wp-json\/wp\/v2\/categories?post=64"},{"taxonomy":"post_tag","embeddable":true,"href":"https:\/\/www.cdlpv.org\/dtl\/wp-json\/wp\/v2\/tags?post=64"}],"curies":[{"name":"wp","href":"https:\/\/api.w.org\/{rel}","templated":true}]}}