{"id":634,"date":"2008-11-18T14:46:11","date_gmt":"2008-11-18T13:46:11","guid":{"rendered":"http:\/\/www.cdlpv.org\/dtl\/?p=634"},"modified":"2008-11-18T14:46:11","modified_gmt":"2008-11-18T13:46:11","slug":"policies-espanyols-contra-els-ciutadans-valencians-en-denia","status":"publish","type":"post","link":"https:\/\/www.cdlpv.org\/dtl\/2008\/11\/18\/policies-espanyols-contra-els-ciutadans-valencians-en-denia\/","title":{"rendered":"Policies espanyols contra els ciutadans que parlen en catal\u00e0"},"content":{"rendered":"<p>Podem llegir en el diari <em>El Pa\u00eds<\/em> <a href=\"http:\/\/www.elpais.com\/articulo\/Comunidad\/Valenciana\/policias\/denunciados\/amenazas\/valenciano\/elpepiespval\/20081118elpval_22\/Tes\/\" target=\"_blank\">(18.11.2008)<\/a>:<\/p>\n<blockquote>\n<h2>Cinc policies denunciats per amenaces contra el valenci\u00e0<\/h2>\n<\/blockquote>\n<p>En realitat les amenaces dels policies nacionals de D\u00e9nia no eren contra el valenci\u00e0, sin\u00f3 contra un ciutad\u00e0 valenci\u00e0 per parlar en una de les dos lleng\u00fces oficials, la valenciana. En concret, es tractava d&#8217;una agressi\u00f3 contra els drets del professor de l&#8217;institut d&#8217;Ondara Ferran Gim\u00e9nez. Els \u00abarguments\u00bb dels policies eren de l&#8217;estil \u00aba\u00e7\u00f2 \u00e9s Espanya\u00bb i \u00abac\u00ed es parla castell\u00e0 i punt&#8221;, que s\u00f3n expressions que <em>manifesten<\/em>, sense dubte, un complet acord amb el <em>Manifiesto por la lengua com\u00fan<\/em> de Fernando Savater, Santiago Grisol\u00eda i altres signants. Cal suposar que estes personalitats tamb\u00e9 anotaran el nou \u00e8xit de les seues propostes.<\/p>\n<p>L&#8217;ajuntament de D\u00e9nia disposa de servei ling\u00fc\u00edstic (i, si no han canviat les coses, d&#8217;alguna mena de <a href=\"http:\/\/www.levante-emv.com\/secciones\/noticia.jsp?pIdNoticia=193849&#038;pIdSeccion=17&#038;pNumEjemplar=3138\" target=\"_blank\">requisit ling\u00fc\u00edstic<\/a> per a les dos lleng\u00fces oficials), aix\u00ed que estem segurs que podr\u00e0 fer-se c\u00e0rrec d&#8217;informar adequadament tant a estos policies com al <a href=\"http:\/\/www.cdlpv.org\/dtl\/?p=95\" target=\"_blank\">jutge<\/a> que critic\u00e0 la \u00abfalta de toler\u00e0ncia i dec\u00f2rum\u00bb d\u2019un perit per declarar en valenci\u00e0.<\/p>\n","protected":false},"excerpt":{"rendered":"<p>Podem llegir en el diari El Pa\u00eds (18.11.2008): Cinc policies denunciats per amenaces contra el valenci\u00e0 En realitat les amenaces dels policies nacionals de D\u00e9nia no eren contra el valenci\u00e0, sin\u00f3 contra un ciutad\u00e0 valenci\u00e0 per parlar en una de les dos lleng\u00fces oficials, la valenciana. En concret, es tractava d&#8217;una agressi\u00f3 contra els drets [&hellip;]<\/p>\n","protected":false},"author":2,"featured_media":0,"comment_status":"open","ping_status":"open","sticky":false,"template":"","format":"standard","meta":{"footnotes":""},"categories":[36,1,24],"tags":[140,152,374],"class_list":["post-634","post","type-post","status-publish","format-standard","hentry","category-allofobia","category-general","category-requisit-linguistic","tag-denia","tag-discriminacio","tag-policia"],"_links":{"self":[{"href":"https:\/\/www.cdlpv.org\/dtl\/wp-json\/wp\/v2\/posts\/634","targetHints":{"allow":["GET"]}}],"collection":[{"href":"https:\/\/www.cdlpv.org\/dtl\/wp-json\/wp\/v2\/posts"}],"about":[{"href":"https:\/\/www.cdlpv.org\/dtl\/wp-json\/wp\/v2\/types\/post"}],"author":[{"embeddable":true,"href":"https:\/\/www.cdlpv.org\/dtl\/wp-json\/wp\/v2\/users\/2"}],"replies":[{"embeddable":true,"href":"https:\/\/www.cdlpv.org\/dtl\/wp-json\/wp\/v2\/comments?post=634"}],"version-history":[{"count":0,"href":"https:\/\/www.cdlpv.org\/dtl\/wp-json\/wp\/v2\/posts\/634\/revisions"}],"wp:attachment":[{"href":"https:\/\/www.cdlpv.org\/dtl\/wp-json\/wp\/v2\/media?parent=634"}],"wp:term":[{"taxonomy":"category","embeddable":true,"href":"https:\/\/www.cdlpv.org\/dtl\/wp-json\/wp\/v2\/categories?post=634"},{"taxonomy":"post_tag","embeddable":true,"href":"https:\/\/www.cdlpv.org\/dtl\/wp-json\/wp\/v2\/tags?post=634"}],"curies":[{"name":"wp","href":"https:\/\/api.w.org\/{rel}","templated":true}]}}