{"id":63,"date":"2007-04-26T17:50:25","date_gmt":"2007-04-26T16:50:25","guid":{"rendered":"http:\/\/www.cdlpv.org\/dtl\/?p=63"},"modified":"2007-04-26T17:50:25","modified_gmt":"2007-04-26T16:50:25","slug":"drets-per-a-millorar-la-normalitat-un-assaig","status":"publish","type":"post","link":"https:\/\/www.cdlpv.org\/dtl\/2007\/04\/26\/drets-per-a-millorar-la-normalitat-un-assaig\/","title":{"rendered":"Drets per a millorar la normalitat: un assaig"},"content":{"rendered":"<p>Tal com estava <a href=\"http:\/\/www.cdlpv.org\/dtl\/?p=58\" target=\"_blank\">previst<\/a>, ahir dimecres, al centre Octubre d&#8217;Acci\u00f3 Cultural del Pa\u00eds Valenci\u00e0, va tindre lloc la presentaci\u00f3 del llibre de Francesc i Alfons Esteve <em>Drets cap a la normalitat. Propostes per a una pol\u00edtica ling\u00fc\u00edstica efica\u00e7 i factible al Pa\u00eds Valenci\u00e0<\/em>, que edita 3 i 4. Hi havia diversos companys i companyes de l&#8217;administraci\u00f3 local i universit\u00e0ria, a m\u00e9s d&#8217;alguns pol\u00edtics (vaig poder vore Rafa Arnal i Enric Morera). Van repartir el llibre a l&#8217;entrada. En resum, un acte breu i poc emotiu, a pesar de l&#8217;assaig de futur que se&#8217;ns proposava, potser a causa de l&#8217;amena\u00e7a del PP de la Generalitat valenciana de tancar el repetidor de la Carrasqueta, actuaci\u00f3 amb qu\u00e8 pret\u00e9n tallar l&#8217;emissi\u00f3 de TV3 al sud del pa\u00eds, amb qu\u00e8 pret\u00e9n tallar una via de comunicaci\u00f3 entre catalanoparlants.<\/p>\n<p>Segons Europa Press:<\/p>\n<blockquote>\n<h2>Uns 50 col\u00b7lectius demanen en un llibre que els c\u00e0rrecs p\u00fablics de responsabilitat acrediten el coneixement del valenci\u00e0<\/h2>\n<h5>VAL\u00c8NCIA, 25\/04\/2007 17:32 (EUROPA PRESS)<\/h5>\n<p>Mig centenar d&#8217;entitats culturals i c\u00edviques s&#8217;han adherit al llibre document &#8220;Drets cap a la normalitat. Propostes per fer una pol\u00edtica ling\u00fc\u00edstica efica\u00e7 i factible al Pa\u00eds Valenci\u00e0&#8221;, una obra escrita per dos especialistes de la Universitat de Val\u00e8ncia que pret\u00e9n oferir a les formacions pol\u00edtiques un &#8220;full de ruta per a encaminar decididament la societat valenciana cap a la normalitat ling\u00fc\u00edstica&#8221;. Algunes d&#8217;estes mesures s\u00f3n que per a exercir un c\u00e0rrec p\u00fablic de responsabilitat en l&#8217;Administraci\u00f3 valenciana calga acreditar un coneixement de la llengua pr\u00f2pia o la recuperaci\u00f3 del model idiom\u00e0tic vigent &#8220;abans de l&#8217;arribada al Consell del PP i de la creaci\u00f3 de l&#8217;Acad\u00e8mia Valenciana de la Llengua (AVL)&#8221;.<\/p>\n<p>Segons han explicat els autors del volum, Alfons Esteve i Francesc Esteve, que han presentat hui el llibre a l&#8217;Octubre Centre de Cultura Contempor\u00e0nia (OCCC) juntament amb el president d&#8217;ACPV, Eliseu Climent, la publicaci\u00f3 recull una bateria d&#8217;iniciatives que &#8220;haurien de complir-se al llarg de la pr\u00f2xima legislatura i que s\u00f3n totalment respectuoses amb la legalitat vigent, \u00e9s a dir, no van m\u00e9s enll\u00e0 de la Constituci\u00f3 Espanyola ni de l&#8217;Estatut d&#8217;Autonomia per\u00f2 tampoc menys&#8221;, han recalcat.<\/p>\n<p>Dins dels objectius fixats per este text -avalat per col\u00b7lectius com ACPV, Escola Valenciana o Intersindical Valenciana, han insistit- figura que el valenci\u00e0 &#8220;es convertisca en la llengua normal i preferent de tota l&#8217;Administraci\u00f3 valenciana, tant de la Generalitat com de les corporacions locals&#8221;. A m\u00e9s, es reivindica la &#8220;disponibilitat i l&#8217;equiparaci\u00f3 ling\u00fc\u00edstica&#8221;, que suposa que &#8220;tots els funcionaris han de poder atendre oralment i per escrit els ciutadans en les dos lleng\u00fces oficials, castell\u00e0 i valenci\u00e0&#8221;. Aix\u00f2 inclouria no nom\u00e9s les institucions auton\u00f2miques sin\u00f3 tamb\u00e9 les del Govern espanyol i administraci\u00f3 de just\u00edcia, han subratllat.<\/p>\n<p>Cal igualment &#8220;que les persones que ocuparan un c\u00e0rrec p\u00fablic de responsabilitat acrediten uns coneixements de valenci\u00e0&#8221;, i tamb\u00e9 &#8220;generalitzar&#8221; l&#8217;ensenyament en valenci\u00e0, garantir que els mitjans de comunicaci\u00f3 p\u00fablics s&#8217;expressen en llengua vernacla i reservar una quota als privats, han agregat. Finalment, han apostat per l'&#8221;equival\u00e8ncia legal entre valenci\u00e0 i catal\u00e0&#8221; i la &#8220;recuperaci\u00f3 del model ling\u00fc\u00edstic vigent abans del 1995, i respectar les particularitats valencianes per\u00f2 tenint en compte tamb\u00e9 totes les variants de la resta de l&#8217;\u00e0rea ling\u00fc\u00edstica catalana&#8221;.<\/p>\n<p>Per als autors de l&#8217;obra, es tracta d&#8217;unes propostes &#8220;perfectament possibles amb l&#8217;actual marc legislatiu&#8221; i que permetrien portar a terme un &#8220;canvi radical necessari de l&#8217;actual situaci\u00f3 socioling\u00fc\u00edstica&#8221;. El llibre pret\u00e9n ser, per tant, &#8220;una primera contribuci\u00f3 a esta transformaci\u00f3&#8221;, han asseverat.<\/p>\n<p>Despr\u00e9s de les eleccions del pr\u00f2xim 27 de maig, la intenci\u00f3 dels promotors de la iniciativa \u00e9s fer arribar al nou equip de govern este document, &#8220;que ha eixit de la societat civil&#8221;, han recalcat, amb el desig que &#8220;el copien punt per punt&#8221;, han assegurat.<\/p>\n<p>Alfons Esteve (X\u00e0tiva, 1968) \u00e9s llicenciat en Dret i ha estat assessor de la Direcci\u00f3 General de Pol\u00edtica Ling\u00fc\u00edstica de la Generalitat valenciana. Actualment, \u00e9s cap de l&#8217;\u00c0rea de Dinamitzaci\u00f3 del Servici de Pol\u00edtica Ling\u00fc\u00edstica de la Universitat de Val\u00e8ncia. Per part seua, Francesc Esteve (X\u00e0tiva, 1965) \u00e9s llicenciat en Filologia Catalana i treballa com a cap de l&#8217;\u00c0rea de Terminologia del mateix servici de la instituci\u00f3 acad\u00e8mica.\n<\/p><\/blockquote>\n","protected":false},"excerpt":{"rendered":"<p>Tal com estava previst, ahir dimecres, al centre Octubre d&#8217;Acci\u00f3 Cultural del Pa\u00eds Valenci\u00e0, va tindre lloc la presentaci\u00f3 del llibre de Francesc i Alfons Esteve Drets cap a la normalitat. Propostes per a una pol\u00edtica ling\u00fc\u00edstica efica\u00e7 i factible al Pa\u00eds Valenci\u00e0, que edita 3 i 4. Hi havia diversos companys i companyes de [&hellip;]<\/p>\n","protected":false},"author":2,"featured_media":0,"comment_status":"open","ping_status":"open","sticky":false,"template":"","format":"standard","meta":{"footnotes":""},"categories":[4,1,47],"tags":[],"class_list":["post-63","post","type-post","status-publish","format-standard","hentry","category-dret","category-general","category-planificacio"],"_links":{"self":[{"href":"https:\/\/www.cdlpv.org\/dtl\/wp-json\/wp\/v2\/posts\/63","targetHints":{"allow":["GET"]}}],"collection":[{"href":"https:\/\/www.cdlpv.org\/dtl\/wp-json\/wp\/v2\/posts"}],"about":[{"href":"https:\/\/www.cdlpv.org\/dtl\/wp-json\/wp\/v2\/types\/post"}],"author":[{"embeddable":true,"href":"https:\/\/www.cdlpv.org\/dtl\/wp-json\/wp\/v2\/users\/2"}],"replies":[{"embeddable":true,"href":"https:\/\/www.cdlpv.org\/dtl\/wp-json\/wp\/v2\/comments?post=63"}],"version-history":[{"count":0,"href":"https:\/\/www.cdlpv.org\/dtl\/wp-json\/wp\/v2\/posts\/63\/revisions"}],"wp:attachment":[{"href":"https:\/\/www.cdlpv.org\/dtl\/wp-json\/wp\/v2\/media?parent=63"}],"wp:term":[{"taxonomy":"category","embeddable":true,"href":"https:\/\/www.cdlpv.org\/dtl\/wp-json\/wp\/v2\/categories?post=63"},{"taxonomy":"post_tag","embeddable":true,"href":"https:\/\/www.cdlpv.org\/dtl\/wp-json\/wp\/v2\/tags?post=63"}],"curies":[{"name":"wp","href":"https:\/\/api.w.org\/{rel}","templated":true}]}}