{"id":626,"date":"2008-11-17T22:54:15","date_gmt":"2008-11-17T21:54:15","guid":{"rendered":"http:\/\/www.cdlpv.org\/dtl\/?p=626"},"modified":"2008-11-17T22:54:15","modified_gmt":"2008-11-17T21:54:15","slug":"algunes-excuses-per-a-la-discriminacio-linguistica","status":"publish","type":"post","link":"https:\/\/www.cdlpv.org\/dtl\/2008\/11\/17\/algunes-excuses-per-a-la-discriminacio-linguistica\/","title":{"rendered":"Algunes excuses per a la discriminaci\u00f3 ling\u00fc\u00edstica"},"content":{"rendered":"<p>El s\u00edndic de greuges t\u00e9 faena al coll, si espera aconseguir que l&#8217;administraci\u00f3 popular no discrimine els ciutadans catalanoparlants del Pa\u00eds Valenci\u00e0. Segons la not\u00edcia de l&#8217;ag\u00e8ncia Efe que du el diari <em>El Pa\u00eds<\/em> <a href=\"http:\/\/www.elpais.com\/articulo\/Comunidad\/Valenciana\/Sindic\/pide\/Castedo\/discrimine\/valenciano\/elpepiespval\/20081116elpval_8\/Tes\" target=\"_blank\">(16.11.2008)<\/a>:<\/p>\n<blockquote>\n<h2>El s\u00edndic demana a Castedo que no discrimine el valenci\u00e0<\/h2>\n<p>El s\u00edndic de greuges, Carlos Morenilla, ha demanat a l&#8217;Ajuntament d&#8217;Alacant que en els seus misastges de publicitat institucional observe el r\u00e8gim de cooficialitat ling\u00fc\u00edstica instaurat en la Comunitat Valenciana, sense que en cap cas puga prevaldre una llengua sobre l&#8217;altra.\n<\/p><\/blockquote>\n<p>El mal no \u00e9s tan sols que discriminen, sin\u00f3 que no facen res per evitar-ho i que pretenguen tindre raons i motius per a fer-ho, que \u00e9s el que plantegen quan assolten excuses dels colors m\u00e9s variats.<\/p>\n<p>Casualment, observem que l&#8217;apartat <a href=\"http:\/\/www.cdlpv.org\/dtl\/?p=252\" target=\"_blank\">\u00abCorts Infantils\u00bb<\/a> apareix ja en catal\u00e0 en el web de les Corts Valencianes, quasi al cap d&#8217;un any. Ha calgut demanar l&#8217;esmena a la comissi\u00f3 de peticions de la instituci\u00f3 &mdash;que al cap de m\u00e9s dels tres mesos reglamentaris encara no respost al demandant&mdash;, a m\u00e9s d&#8217;altres gestions. S\u00f3n <a href=\"http:\/\/stapv.wordpress.com\/2008\/06\/10\/els-exemples-que-no-hauria-de-donar-les-corts\/\" target=\"_blank\">\u00abels exemples que no haurien de donar les Corts\u00bb<\/a>.<\/p>\n","protected":false},"excerpt":{"rendered":"<p>El s\u00edndic de greuges t\u00e9 faena al coll, si espera aconseguir que l&#8217;administraci\u00f3 popular no discrimine els ciutadans catalanoparlants del Pa\u00eds Valenci\u00e0. Segons la not\u00edcia de l&#8217;ag\u00e8ncia Efe que du el diari El Pa\u00eds (16.11.2008): El s\u00edndic demana a Castedo que no discrimine el valenci\u00e0 El s\u00edndic de greuges, Carlos Morenilla, ha demanat a l&#8217;Ajuntament [&hellip;]<\/p>\n","protected":false},"author":2,"featured_media":0,"comment_status":"open","ping_status":"open","sticky":false,"template":"","format":"standard","meta":{"footnotes":""},"categories":[36,1,47,24],"tags":[52,127,440,517],"class_list":["post-626","post","type-post","status-publish","format-standard","hentry","category-allofobia","category-general","category-planificacio","category-requisit-linguistic","tag-ajuntament-dalacant","tag-corts","tag-sindic-de-greuges","tag-webs"],"_links":{"self":[{"href":"https:\/\/www.cdlpv.org\/dtl\/wp-json\/wp\/v2\/posts\/626","targetHints":{"allow":["GET"]}}],"collection":[{"href":"https:\/\/www.cdlpv.org\/dtl\/wp-json\/wp\/v2\/posts"}],"about":[{"href":"https:\/\/www.cdlpv.org\/dtl\/wp-json\/wp\/v2\/types\/post"}],"author":[{"embeddable":true,"href":"https:\/\/www.cdlpv.org\/dtl\/wp-json\/wp\/v2\/users\/2"}],"replies":[{"embeddable":true,"href":"https:\/\/www.cdlpv.org\/dtl\/wp-json\/wp\/v2\/comments?post=626"}],"version-history":[{"count":0,"href":"https:\/\/www.cdlpv.org\/dtl\/wp-json\/wp\/v2\/posts\/626\/revisions"}],"wp:attachment":[{"href":"https:\/\/www.cdlpv.org\/dtl\/wp-json\/wp\/v2\/media?parent=626"}],"wp:term":[{"taxonomy":"category","embeddable":true,"href":"https:\/\/www.cdlpv.org\/dtl\/wp-json\/wp\/v2\/categories?post=626"},{"taxonomy":"post_tag","embeddable":true,"href":"https:\/\/www.cdlpv.org\/dtl\/wp-json\/wp\/v2\/tags?post=626"}],"curies":[{"name":"wp","href":"https:\/\/api.w.org\/{rel}","templated":true}]}}